{"id":49,"count":1,"description":"","link":"https:\/\/jornalnoticiasdopais.com.br\/index.php\/tag\/ana-castela-e-zeze-di-camargo-luciano-estao-confirmados-para-integrar-uma-das-maiores-festas-de-peao-do-brasil\/","name":"Ana Castela e Zez\u00e9 Di Camargo &amp; Luciano est\u00e3o confirmados para integrar uma das maiores festas de pe\u00e3o do Brasil","slug":"ana-castela-e-zeze-di-camargo-luciano-estao-confirmados-para-integrar-uma-das-maiores-festas-de-peao-do-brasil","taxonomy":"post_tag","meta":[],"_links":{"self":[{"href":"https:\/\/jornalnoticiasdopais.com.br\/index.php\/wp-json\/wp\/v2\/tags\/49"}],"collection":[{"href":"https:\/\/jornalnoticiasdopais.com.br\/index.php\/wp-json\/wp\/v2\/tags"}],"about":[{"href":"https:\/\/jornalnoticiasdopais.com.br\/index.php\/wp-json\/wp\/v2\/taxonomies\/post_tag"}],"wp:post_type":[{"href":"https:\/\/jornalnoticiasdopais.com.br\/index.php\/wp-json\/wp\/v2\/posts?tags=49"}],"curies":[{"name":"wp","href":"https:\/\/api.w.org\/{rel}","templated":true}]}}