{"id":34,"count":1,"description":"","link":"https:\/\/jornalnoticiasdopais.com.br\/index.php\/tag\/instituto-estacao-das-letras-inaugura-formacoes-literarias-para-mediadores-de-leitura-e-escritores-e-reforca-a-importancia-da-profissionalizacao\/","name":"Instituto Esta\u00e7\u00e3o das Letras inaugura forma\u00e7\u00f5es liter\u00e1rias para Mediadores de Leitura e Escritores e refor\u00e7a a import\u00e2ncia da profissionaliza\u00e7\u00e3o","slug":"instituto-estacao-das-letras-inaugura-formacoes-literarias-para-mediadores-de-leitura-e-escritores-e-reforca-a-importancia-da-profissionalizacao","taxonomy":"post_tag","meta":[],"_links":{"self":[{"href":"https:\/\/jornalnoticiasdopais.com.br\/index.php\/wp-json\/wp\/v2\/tags\/34"}],"collection":[{"href":"https:\/\/jornalnoticiasdopais.com.br\/index.php\/wp-json\/wp\/v2\/tags"}],"about":[{"href":"https:\/\/jornalnoticiasdopais.com.br\/index.php\/wp-json\/wp\/v2\/taxonomies\/post_tag"}],"wp:post_type":[{"href":"https:\/\/jornalnoticiasdopais.com.br\/index.php\/wp-json\/wp\/v2\/posts?tags=34"}],"curies":[{"name":"wp","href":"https:\/\/api.w.org\/{rel}","templated":true}]}}