{"id":98,"date":"2021-02-08T09:13:32","date_gmt":"2021-02-08T12:13:32","guid":{"rendered":"http:\/\/jornalnoticiasdopais.com.br\/?p=98"},"modified":"2021-02-08T09:21:18","modified_gmt":"2021-02-08T12:21:18","slug":"anuncio-da-vacina-no-brasil-pode-ser-suspiro-para-maes-com-filhos-em-casa","status":"publish","type":"post","link":"https:\/\/jornalnoticiasdopais.com.br\/index.php\/2021\/02\/08\/anuncio-da-vacina-no-brasil-pode-ser-suspiro-para-maes-com-filhos-em-casa\/","title":{"rendered":"An\u00fancio da vacina no Brasil pode ser suspiro para m\u00e3es com filhos em casa"},"content":{"rendered":"\n<p class=\"has-text-align-center\"><strong><em>Crian\u00e7as em idade escolar sofrem com isolamento social ocasionado pela pandemia<\/em><\/strong><\/p>\n\n\n\n<p>Desde o in\u00edcio da pandemia da Covid 19 no pa\u00eds, milhares de trabalhadores tiveram que trocar o local de trabalho e passar a trabalhar de casa, a fim de diminuir o cont\u00e1gio da doen\u00e7a.<\/p>\n\n\n\n<p>E dentre aqueles que entraram para o grupo do home-office, um dos que mais provavelmente sentiu os impactos dessa nova forma de trabalho foram as m\u00e3es com filhos pequenos em casa. Isso porque as crian\u00e7as em idade escolar necessitam de muita aten\u00e7\u00e3o e, principalmente, supervis\u00e3o.<\/p>\n\n\n\n<p>Com as aulas em regime remoto, as m\u00e3es precisam acompanhar os filhos durante esses momentos, ou pelo menos certificar de perto que a crian\u00e7a est\u00e1 cumprindo com a sua obriga\u00e7\u00e3o. Al\u00e9m disso, precisam parar v\u00e1rias vezes para garantir a alimenta\u00e7\u00e3o, a higiene, o cuidado dentro de casa, visto que o n\u00edvel de estresse desses pequenos subiu nesses tempos de isolamento, o que em certos casos levam algumas crian\u00e7as a deixarem a casa \u2013 e at\u00e9 mesmo as m\u00e3es, de cabe\u00e7a pra baixo.<\/p>\n\n\n\n<p>Certamente, a maioria das m\u00e3es est\u00e1 quase em seu limite. Sem contar os casos em que as m\u00e3es precisam trabalhar, mas os filhos n\u00e3o podem ir \u00e0s aulas, j\u00e1 que a maioria das escolas ainda n\u00e3o possuem previs\u00e3o de voltar. Ainda assim, existe a preocupa\u00e7\u00e3o das m\u00e3es em como os filhos est\u00e3o em casa, se est\u00e3o cumprindo com as tarefas ou sendo bem orientados.<\/p>\n\n\n\n<p>Por este motivo, a volta \u00e0s aulas chega a ser um clamor urgente em muitas casas, pois agora, com o an\u00fancio da vacina no pa\u00eds, as expectativas dessas m\u00e3es com o retorno se tornam ainda maiores.<\/p>\n\n\n\n<p>\u201cSabemos que n\u00e3o ser\u00e1 imediatamente, porque os grupos priorit\u00e1rios recebem antes a vacina\u00e7\u00e3o. Mas essa not\u00edcia foi \u00f3tima, porque isso mostra que, em breve, as coisas podem voltar ao normal, sobretudo dentro de nossas casas. A escola faz muita falta para essas crian\u00e7as, e o seu retorno \u00e9 muito importante. As aulas presenciais devem e precisam voltar\u201d, afirma M\u00e1rcia Machado, empres\u00e1ria e m\u00e3e de dois filhos.<\/p>\n\n\n\n<p>Apesar das medidas de isolamento, muitas m\u00e3es optam por levar os filhos \u00e0s pra\u00e7as e parques abertos, por exemplo, para que essas crian\u00e7as ainda tenham contato com outras da sua idade e n\u00e3o descarreguem todo o seu estresse em casa. Nesses momentos, o cuidado ainda deve ser crucial.<\/p>\n\n\n\n<p>M\u00e1scaras devem ser usadas o tempo todo durante as brincadeiras, mesmo em ambientes abertos. Certificar que as crian\u00e7as tamb\u00e9m n\u00e3o est\u00e3o em grupos muito numerosos tamb\u00e9m \u00e9 importante para evitar a dissemina\u00e7\u00e3o dos v\u00edrus.<\/p>\n\n\n\n<p>Caso as m\u00e3es, pais ou respons\u00e1veis tenham tempo para supervisionar, o ideal \u00e9 chamar a crian\u00e7a para higienizar as m\u00e3os a cada 30 minutos, para que diminua a probabilidade de cont\u00e1gio e as normas de higiene continuem vigorando mesmo nessas ocasi\u00f5es.<\/p>\n\n\n\n<p>Meu filho n\u00e3o quer tomar a vacina, o que fazer?<\/p>\n\n\n\n<p>\u00c9 normal que crian\u00e7as menores tenham mais resist\u00eancia \u00e0 vacina\u00e7\u00e3o, por causa de dor, desconfortos e at\u00e9 mesmo medo. Mas neste momento, \u00e9 necess\u00e1rio conversar com a crian\u00e7a, e mostrar para ela os benef\u00edcios que ela ter\u00e1 quando se vacinar contra a Covid 19.<\/p>\n\n\n\n<p>O ideal \u00e9 estimular a crian\u00e7a que a vacina\u00e7\u00e3o trar\u00e1 benef\u00edcios para ela, como poder voltar \u00e0 escola para rever seus amigos ou brincar normalmente com seus coleguinhas, sem o uso da m\u00e1scara, por exemplo. Isso pode animar os \u00e2nimos dos pequenos.<\/p>\n\n\n\n<p>Outra dica \u00e9 abordar porque a vacina\u00e7\u00e3o \u00e9 importante, pois assim ela estar\u00e1 protegendo a si mesma e tamb\u00e9m as pessoas que ela mais ama, como os seus familiares e amigos.<\/p>\n\n\n\n<p>Trate de forma clara com a crian\u00e7a quando ela questionar de dor, e tente contornar a conversa, dizendo que pode ser s\u00f3 uma \u201cpicadinha\u201d, mas que ela ficar\u00e1 muito saud\u00e1vel depois disso.<\/p>\n\n\n\n<p>Dialogue com a crian\u00e7a sobre o assunto sempre que ela perguntar sobre, para que assim ela consiga tomar consci\u00eancia da necessidade da vacina\u00e7\u00e3o, e quem sabe, alertar tamb\u00e9m as pessoas a sua volta para fazerem o mesmo.<\/p>\n\n\n\n<p><strong><em>Fonte: M\u00e1rcia Machado, empres\u00e1ria, influenciadora digital e moderadora do Grupo Amor de M\u00e3e BH. Casada, m\u00e3e de 2 filhos e boadrasta de 2 crian\u00e7as.<\/em><\/strong><\/p>\n","protected":false},"excerpt":{"rendered":"<p>Crian\u00e7as em idade escolar sofrem com isolamento social ocasionado pela pandemia Desde o in\u00edcio da pandemia da Covid 19 no &hellip; <a class=\"more-link\" href=\"https:\/\/jornalnoticiasdopais.com.br\/index.php\/2021\/02\/08\/anuncio-da-vacina-no-brasil-pode-ser-suspiro-para-maes-com-filhos-em-casa\/\">More<\/a><\/p>\n","protected":false},"author":3,"featured_media":99,"comment_status":"open","ping_status":"open","sticky":true,"template":"","format":"standard","meta":[],"categories":[1],"tags":[],"_links":{"self":[{"href":"https:\/\/jornalnoticiasdopais.com.br\/index.php\/wp-json\/wp\/v2\/posts\/98"}],"collection":[{"href":"https:\/\/jornalnoticiasdopais.com.br\/index.php\/wp-json\/wp\/v2\/posts"}],"about":[{"href":"https:\/\/jornalnoticiasdopais.com.br\/index.php\/wp-json\/wp\/v2\/types\/post"}],"author":[{"embeddable":true,"href":"https:\/\/jornalnoticiasdopais.com.br\/index.php\/wp-json\/wp\/v2\/users\/3"}],"replies":[{"embeddable":true,"href":"https:\/\/jornalnoticiasdopais.com.br\/index.php\/wp-json\/wp\/v2\/comments?post=98"}],"version-history":[{"count":3,"href":"https:\/\/jornalnoticiasdopais.com.br\/index.php\/wp-json\/wp\/v2\/posts\/98\/revisions"}],"predecessor-version":[{"id":102,"href":"https:\/\/jornalnoticiasdopais.com.br\/index.php\/wp-json\/wp\/v2\/posts\/98\/revisions\/102"}],"wp:featuredmedia":[{"embeddable":true,"href":"https:\/\/jornalnoticiasdopais.com.br\/index.php\/wp-json\/wp\/v2\/media\/99"}],"wp:attachment":[{"href":"https:\/\/jornalnoticiasdopais.com.br\/index.php\/wp-json\/wp\/v2\/media?parent=98"}],"wp:term":[{"taxonomy":"category","embeddable":true,"href":"https:\/\/jornalnoticiasdopais.com.br\/index.php\/wp-json\/wp\/v2\/categories?post=98"},{"taxonomy":"post_tag","embeddable":true,"href":"https:\/\/jornalnoticiasdopais.com.br\/index.php\/wp-json\/wp\/v2\/tags?post=98"}],"curies":[{"name":"wp","href":"https:\/\/api.w.org\/{rel}","templated":true}]}}