{"id":90,"date":"2021-01-22T09:20:06","date_gmt":"2021-01-22T12:20:06","guid":{"rendered":"https:\/\/jornalnoticiasdopais.wordpress.com\/?p=90"},"modified":"2021-01-22T09:20:06","modified_gmt":"2021-01-22T12:20:06","slug":"macumba-e-religioes-afro-brasileiras-sao-desmistificadas-pelo-canal-vim-te-mostrar","status":"publish","type":"post","link":"https:\/\/jornalnoticiasdopais.com.br\/index.php\/2021\/01\/22\/macumba-e-religioes-afro-brasileiras-sao-desmistificadas-pelo-canal-vim-te-mostrar\/","title":{"rendered":"Macumba e religi\u00f5es afro-brasileiras s\u00e3o desmistificadas pelo canal Vim te Mostrar"},"content":{"rendered":"\n<p><strong>Reprodu\u00e7\u00e3o do Canal Vim te Mostrar.<\/strong><\/p>\n\n\n\n<p class=\"has-text-align-center\"><strong><em>Apresentado pelo jornalista Heberton Lopes, v\u00eddeo, postado na data em que \u00e9 celebrado o Dia Nacional de Combate \u00e0 Intoler\u00e2ncia Religiosa, tenta quebrar preconceitos ligados \u00e0s religi\u00f5es de matriz africana<\/em><\/strong><\/p>\n\n\n\n<p>Na data em que \u00e9 celebrado o Dia Nacional de Combate \u00e0 Intoler\u00e2ncia Religiosa no Brasil, 21 de janeiro, o <a href=\"https:\/\/www.youtube.com\/VIMTEMOSTRAR\" target=\"_blank\" rel=\"noreferrer noopener\">Vim te Mostrar<\/a>&nbsp;apresenta um v\u00eddeo especial. Produzido e apresentado pelo jornalista&nbsp;<a href=\"https:\/\/www.instagram.com\/hebertonlopes\/\" target=\"_blank\" rel=\"noreferrer noopener\">Heberton Lopes<\/a>, o canal no YouTube aborda e explica algumas palavras e defini\u00e7\u00f5es que fazem parte do universo das religi\u00f5es de matriz africana, como a umbanda e o candombl\u00e9.<\/p>\n\n\n\n<p>De acordo com o jornalista Heberton Lopes, o objetivo do v\u00eddeo \u00e9 tentar quebrar alguns preconceitos. \u201cVejo muitas pessoas tratando as religi\u00f5es de matriz africana como se fossem inferiores e as taxando como meios para cultuar o mal, quando, na verdade, essas pessoas est\u00e3o imersas na ignor\u00e2ncia e, sem nenhuma base, discriminam as cren\u00e7as que s\u00e3o diferentes daquelas que costumam praticar\u201d, explica.<\/p>\n\n\n\n<p>O apresentador do canal Vim te Mostrar destaca que o v\u00eddeo faz parte de uma s\u00e9rie que pretende ajudar a combater a ignor\u00e2ncia. \u201cEu disse durante a grava\u00e7\u00e3o que o conhecimento \u00e9 inimigo da intoler\u00e2ncia e do preconceito. Se as pessoas que tanto discriminam buscassem conhecer as culturas e as hist\u00f3rias que est\u00e3o por tr\u00e1s das formas diferentes de cultos, n\u00e3o fariam o que fazem. Cada um tem a sua forma de pensar e agir e eu escolhi ir pelo caminho do conhecimento, empatia e respeito\u201d, afirma.<\/p>\n\n\n\n<p>Este \u00e9 o segundo v\u00eddeo da s\u00e9rie, que na \u00faltima semana apresentou algumas imagens e relatos graves de intoler\u00e2ncia e preconceito religioso no Brasil, com ofensas verbais, viol\u00eancia f\u00edsica e profana\u00e7\u00e3o de imagens sagradas. \u201c\u00c9 revoltante ver a que ponto o ser humano pode chegar por causa da ignor\u00e2ncia e do extremismo. Falta senso cr\u00edtico e empatia. Eu n\u00e3o sigo nenhuma religi\u00e3o, mas respeito todas e, em um mundo ideal, todos fariam o mesmo. Com respeito \u00e0s diferen\u00e7as, teremos uma sociedade mais justa. E com o meu trabalho, tento contribuir para isso\u201d, conta o jornalista, que faz quest\u00e3o de ressaltar a sua posi\u00e7\u00e3o como difusor de conhecimento e nunca como afronta a qualquer tipo de cren\u00e7a. &nbsp;<\/p>\n\n\n\n<p>Assista agora a produ\u00e7\u00e3o que explica algumas palavras relacionadas ao universo das religi\u00f5es de matriz africana:&nbsp;<a href=\"https:\/\/youtu.be\/i7lTps3aGOA\" target=\"_blank\" rel=\"noreferrer noopener\">https:\/\/youtu.be\/i7lTps3aGOA<\/a>.<\/p>\n\n\n\n<p><strong>Vim<\/strong><strong>te<\/strong><strong>Mostrar<\/strong><\/p>\n\n\n\n<p>Conhecido no mercado de comunica\u00e7\u00e3o e eventos por estar \u00e0 frente do Grupo Balo, ag\u00eancia respons\u00e1vel pela assessoria de imprensa de shows, festivais, artistas e empresas, Heberton Lopes criou recentemente o canal&nbsp;Vim&nbsp;te&nbsp;Mostrar, no YouTube, que pode ser acessado pelo&nbsp;<a href=\"http:\/\/www.youtube.com\/vimtemostrar\" target=\"_blank\" rel=\"noreferrer noopener\">www.youtube.com\/vimtemostrar<\/a>.<\/p>\n\n\n\n<p>De acordo com Heberton Lopes, o objetivo do&nbsp;Vim&nbsp;te&nbsp;Mostrar&nbsp;\u00e9 apresentar reportagens e v\u00eddeos de curiosidades em geral sob o olhar do profissional. &#8220;Sou jornalista, amo o &#8216;fazer jornal\u00edstico&#8217; e encaro este novo projeto como um desafio e uma forma de me reinventar. O canal n\u00e3o deixa de ser um meio para eu exercitar o meu lado rep\u00f3rter e uma desculpa para conhecer lugares, pessoas e situa\u00e7\u00f5es incr\u00edveis&#8221;, explica.&nbsp;<\/p>\n\n\n\n<p>Antes de lan\u00e7ar oficialmente o&nbsp;Vim&nbsp;te&nbsp;Mostrar&nbsp;para o mundo, alguns v\u00eddeos j\u00e1 estavam dispon\u00edveis desde o \u00faltimo m\u00eas de maio. Para Heberton Lopes, que fez quest\u00e3o de deixar postado desde o primeiro v\u00eddeo at\u00e9 o mais atual, o objetivo neste momento n\u00e3o \u00e9 ter grandes n\u00fameros de seguidores, curtidas e inscritos, mas sim acertar o formato e o conte\u00fado. &#8220;O primeiro v\u00eddeo foi sobre o Coronav\u00edrus, depois fui diversificando e trazendo reedi\u00e7\u00f5es de reportagens que produzi quando eu atuava em televis\u00e3o, v\u00eddeos sobre fatos hist\u00f3ricos e gravei sobre a minha trajet\u00f3ria profissional para apresentar tudo&nbsp;que aconteceu antes do&nbsp;Vim&nbsp;te&nbsp;Mostrar. E agora eu estou gravando externas com pautas muito interessantes, como a hist\u00f3ria do Viaduto das Almas, a Ocupa\u00e7\u00e3o Rosa Le\u00e3o e muitos outras. Estou muito empolgado&#8221;, conta o jornalista.<\/p>\n\n\n\n<p>Heberton Lopes faz quest\u00e3o de deixar claro que o Grupo Balo segue firme e forte. &#8220;S\u00e3o mais de sete anos de hist\u00f3ria, de lutas, trope\u00e7os e muitas conquistas. Eu jamais abriria m\u00e3o da minha empresa e do que eu fa\u00e7o. Eu aprendi a gostar da assessoria de imprensa, na verdade me apaixonei. E meus planos para a ag\u00eancia s\u00e3o de expans\u00e3o, capta\u00e7\u00e3o de novos clientes, mais eventos, mais empresas e cada vez mais pautas sensacionais. O Grupo Balo e o&nbsp;Vim&nbsp;te&nbsp;Mostrar&nbsp;s\u00e3o projetos paralelos, mas nada impede que eles possam se somar em breve&#8221;, revela.&nbsp;<\/p>\n\n\n\n<p>Sobre as pautas do canal, neste momento Heberton Lopes prefere n\u00e3o se limitar. &#8220;Estou acertando o formato e o conte\u00fado. Basicamente vou apresentar curiosidades hist\u00f3ricas e cient\u00edficas, pautas de turismo, reportagens especiais sobre temas variados. O objetivo \u00e9 agregar e fazer a diferen\u00e7a. A internet est\u00e1 lotada de conte\u00fado raso e eu n\u00e3o quero ser apenas mais um. Por isso, sou aberto a cr\u00edticas construtivas e sugest\u00f5es de pautas, tanto do p\u00fablico geral, quanto dos colegas assessores de imprensa&#8221;, conclui.&nbsp;<\/p>\n\n\n\n<p><strong>Sobre Heberton Lopes<\/strong><\/p>\n\n\n\n<p>Profissional vers\u00e1til, Heberton Lopes \u00e9 conhecido, principalmente, no mercado de assessoria de comunica\u00e7\u00e3o. Teve passagens por importantes organiza\u00e7\u00f5es como a C\u00e2mara Municipal de Santa Luzia, CL Assessoria em Comunica\u00e7\u00e3o e Grupo Kroton Educacional.&nbsp;Como rep\u00f3rter, atuou nos ve\u00edculos Jornal A\u00e7\u00e3o, Canal Escola Sat\u00e9lite, Roteiro de Minas, exibido pela TV Band Minas, al\u00e9m de ter sido apresentador do programa Rep\u00f3rter das Gerais, exibido pela extinta Rede Brasil Minas. Desde 2013, dirige o Grupo Balo, ag\u00eancia refer\u00eancia em assessoria de imprensa para grandes shows, festivais, artistas e empresas, com atua\u00e7\u00e3o principalmente nas editorias de cultura, entretenimento, turismo, neg\u00f3cios e sa\u00fade. E em 2020 come\u00e7ou a empreender um novo projeto, o canal&nbsp;Vim&nbsp;te&nbsp;Mostrar&nbsp;no YouTube.<\/p>\n\n\n\n<p>Para assistir aos v\u00eddeos do canal&nbsp;Vim&nbsp;te&nbsp;Mostrar, acesse&nbsp;<a href=\"http:\/\/www.youtube.com\/vimtemostrar\" target=\"_blank\" rel=\"noreferrer noopener\">www.youtube.com\/vimtemostrar<\/a>.&nbsp;<\/p>\n\n\n\n<p>Curta o @vimtemostrar no Facebook:&nbsp;<a href=\"http:\/\/www.facebook.com\/vimtemostrar\" target=\"_blank\" rel=\"noreferrer noopener\">www.facebook.com\/vimtemostrar<\/a>&nbsp;<br>Siga o @vimtemostrar no Instagram:&nbsp;<a href=\"http:\/\/www.instagram.com\/vimtemostrar\" target=\"_blank\" rel=\"noreferrer noopener\">www.instagram.com\/vimtemostrar<\/a><br><br>As sugest\u00f5es de pautas podem ser enviadas nos coment\u00e1rios dos v\u00eddeos ou pelo e-mail&nbsp;<a href=\"mailto:contato@grupobalo.com\" target=\"_blank\" rel=\"noreferrer noopener\">contato@grupobalo.com<\/a>.&nbsp;<\/p>\n","protected":false},"excerpt":{"rendered":"<p>Reprodu\u00e7\u00e3o do Canal Vim te Mostrar. Apresentado pelo jornalista Heberton Lopes, v\u00eddeo, postado na data em que \u00e9 celebrado o &hellip; <a class=\"more-link\" href=\"https:\/\/jornalnoticiasdopais.com.br\/index.php\/2021\/01\/22\/macumba-e-religioes-afro-brasileiras-sao-desmistificadas-pelo-canal-vim-te-mostrar\/\">More<\/a><\/p>\n","protected":false},"author":2,"featured_media":91,"comment_status":"open","ping_status":"open","sticky":false,"template":"","format":"standard","meta":[],"categories":[1],"tags":[],"_links":{"self":[{"href":"https:\/\/jornalnoticiasdopais.com.br\/index.php\/wp-json\/wp\/v2\/posts\/90"}],"collection":[{"href":"https:\/\/jornalnoticiasdopais.com.br\/index.php\/wp-json\/wp\/v2\/posts"}],"about":[{"href":"https:\/\/jornalnoticiasdopais.com.br\/index.php\/wp-json\/wp\/v2\/types\/post"}],"author":[{"embeddable":true,"href":"https:\/\/jornalnoticiasdopais.com.br\/index.php\/wp-json\/wp\/v2\/users\/2"}],"replies":[{"embeddable":true,"href":"https:\/\/jornalnoticiasdopais.com.br\/index.php\/wp-json\/wp\/v2\/comments?post=90"}],"version-history":[{"count":0,"href":"https:\/\/jornalnoticiasdopais.com.br\/index.php\/wp-json\/wp\/v2\/posts\/90\/revisions"}],"wp:featuredmedia":[{"embeddable":true,"href":"https:\/\/jornalnoticiasdopais.com.br\/index.php\/wp-json\/wp\/v2\/media\/91"}],"wp:attachment":[{"href":"https:\/\/jornalnoticiasdopais.com.br\/index.php\/wp-json\/wp\/v2\/media?parent=90"}],"wp:term":[{"taxonomy":"category","embeddable":true,"href":"https:\/\/jornalnoticiasdopais.com.br\/index.php\/wp-json\/wp\/v2\/categories?post=90"},{"taxonomy":"post_tag","embeddable":true,"href":"https:\/\/jornalnoticiasdopais.com.br\/index.php\/wp-json\/wp\/v2\/tags?post=90"}],"curies":[{"name":"wp","href":"https:\/\/api.w.org\/{rel}","templated":true}]}}