{"id":80,"date":"2020-10-06T09:03:11","date_gmt":"2020-10-06T12:03:11","guid":{"rendered":"https:\/\/jornalnoticiasdopais.wordpress.com\/?p=80"},"modified":"2020-10-06T09:03:11","modified_gmt":"2020-10-06T12:03:11","slug":"ate-quando-ha-quase-dois-anos-fernando-meira-da-ong-pede-a-reintegracao-dos-cobradores-nos-onibus-da-rmbh","status":"publish","type":"post","link":"https:\/\/jornalnoticiasdopais.com.br\/index.php\/2020\/10\/06\/ate-quando-ha-quase-dois-anos-fernando-meira-da-ong-pede-a-reintegracao-dos-cobradores-nos-onibus-da-rmbh\/","title":{"rendered":"At\u00e9 quando? H\u00e1 quase dois anos Fernando Meira da ONG pede a reintegra\u00e7\u00e3o dos cobradores nos \u00f4nibus da RMBH"},"content":{"rendered":"\n<p class=\"has-text-align-center\"><strong><em>Mais respeito para os motoristas e seguran\u00e7a para os passageiros de BH<\/em><\/strong><\/p>\n\n\n\n<p><strong>\u25a0 Elei\u00e7\u00f5es 2020<\/strong><\/p>\n\n\n\n<p><strong>C<\/strong>om a desculpa de conter gastos, h\u00e1 quase dois anos v\u00e1rios trocadores foram retirados de seus postos de trabalho nas linhas de \u00f4nibus da RMBH. Com isso, o servi\u00e7o do motorista que j\u00e1 era conturbado, ficou ainda mais apertado, j\u00e1 que eles tem que dirigir e ao mesmo tempo fazer o servi\u00e7o de recebimento da passagem. Dentre as preocupa\u00e7\u00f5es de &#8220;Fernando Meira da ONG&#8221;, candidato a vereador em BH, est\u00e1 nessa situa\u00e7\u00e3o, que para ele j\u00e1 deveria ter sido resolvida h\u00e1 muito tempo.<\/p>\n\n\n\n<p>&#8220;Fico assustado de ver o tanto de trabalhadores que perderam seus empregos por causa dessa situa\u00e7\u00e3o. Est\u00e1 na hora de fazer algo por eles e para os motoristas que est\u00e3o cada vez mais atribulados. Eu apoio o retorno dos trocadores, pois a popula\u00e7\u00e3o n\u00e3o pode ficar correndo esse risco! Os motoristas precisam de ajuda urgente para evitar acidentes. Vale lembrar que no Carnaval do ano passado, um \u00f4nibus da Regi\u00e3o do Barreiro sofreu um acidente, exatamente pela falta do trocador para ajudar o motorista&#8221;.<\/p>\n\n\n\n<p>Segundo Fernando Meira da ONG, a popula\u00e7\u00e3o n\u00e3o pode passar mais por isso. Al\u00e9m disso, os trocadores precisam ter seus empregos de volta. &#8220;Eu me coloco \u00e0 disposi\u00e7\u00e3o para ajudar, j\u00e1 que vejo o risco que os passageiros passam por n\u00e3o terem um trocador para ajudar. Fora isso, vale lembrar que v\u00e1rios trocadores ficaram sem seus empregos por causa dessa situa\u00e7\u00e3o. Um absurdo, pois falamos de pais de fam\u00edlia que precisam do sal\u00e1rio para sobreviver!&#8221;, concluiu.<\/p>\n\n\n\n<p><strong>Situa\u00e7\u00e3o<\/strong><\/p>\n\n\n\n<p>Desde o ano de 2018, v\u00e1rios trocadores foram retirados de seus postos de trabalho sob a circunst\u00e2ncia de que as empresas de \u00f4nibus da RMBH precisavam cortar gastos. Assim, a Prefeitura de BH imp\u00f4s uma multa para as empresas que infringissem a Lei 10.526\/2012, que determina que os ve\u00edculos n\u00e3o devem transitar sem a presen\u00e7a do cobrador. Depois disso, cerca de 8.726 multas foram aplicadas pela PBH totalizando uma divida das empresas com a PBH de mais de R$ 5,8 milh\u00f5es. Em 2019, o prefeito Alexandre Kalil deu um prazo para a volta de cobradores nos \u00f4nibus de Belo Horizonte, ou seja, solicitando que as empresas de \u00f4nibus contratassem at\u00e9 o final de setembro do mesmo ano, 500 cobradores, sem desvio de fun\u00e7\u00e3o e de maneira definitiva. No entanto, a determina\u00e7\u00e3o parece ter sido ignorada por algumas empresas, j\u00e1 que elas continuam operando sem os cobradores at\u00e9 hoje.<\/p>\n","protected":false},"excerpt":{"rendered":"<p>Mais respeito para os motoristas e seguran\u00e7a para os passageiros de BH \u25a0 Elei\u00e7\u00f5es 2020 Com a desculpa de conter &hellip; <a class=\"more-link\" href=\"https:\/\/jornalnoticiasdopais.com.br\/index.php\/2020\/10\/06\/ate-quando-ha-quase-dois-anos-fernando-meira-da-ong-pede-a-reintegracao-dos-cobradores-nos-onibus-da-rmbh\/\">More<\/a><\/p>\n","protected":false},"author":2,"featured_media":82,"comment_status":"open","ping_status":"open","sticky":true,"template":"","format":"standard","meta":[],"categories":[1],"tags":[],"_links":{"self":[{"href":"https:\/\/jornalnoticiasdopais.com.br\/index.php\/wp-json\/wp\/v2\/posts\/80"}],"collection":[{"href":"https:\/\/jornalnoticiasdopais.com.br\/index.php\/wp-json\/wp\/v2\/posts"}],"about":[{"href":"https:\/\/jornalnoticiasdopais.com.br\/index.php\/wp-json\/wp\/v2\/types\/post"}],"author":[{"embeddable":true,"href":"https:\/\/jornalnoticiasdopais.com.br\/index.php\/wp-json\/wp\/v2\/users\/2"}],"replies":[{"embeddable":true,"href":"https:\/\/jornalnoticiasdopais.com.br\/index.php\/wp-json\/wp\/v2\/comments?post=80"}],"version-history":[{"count":0,"href":"https:\/\/jornalnoticiasdopais.com.br\/index.php\/wp-json\/wp\/v2\/posts\/80\/revisions"}],"wp:featuredmedia":[{"embeddable":true,"href":"https:\/\/jornalnoticiasdopais.com.br\/index.php\/wp-json\/wp\/v2\/media\/82"}],"wp:attachment":[{"href":"https:\/\/jornalnoticiasdopais.com.br\/index.php\/wp-json\/wp\/v2\/media?parent=80"}],"wp:term":[{"taxonomy":"category","embeddable":true,"href":"https:\/\/jornalnoticiasdopais.com.br\/index.php\/wp-json\/wp\/v2\/categories?post=80"},{"taxonomy":"post_tag","embeddable":true,"href":"https:\/\/jornalnoticiasdopais.com.br\/index.php\/wp-json\/wp\/v2\/tags?post=80"}],"curies":[{"name":"wp","href":"https:\/\/api.w.org\/{rel}","templated":true}]}}