{"id":61,"date":"2020-09-13T13:12:58","date_gmt":"2020-09-13T16:12:58","guid":{"rendered":"https:\/\/jornalnoticiasdopais.wordpress.com\/?p=61"},"modified":"2020-09-13T13:12:58","modified_gmt":"2020-09-13T16:12:58","slug":"festival-cantos-de-beaga-estreia-com-o-tema-o-que-e-que-bh-tem","status":"publish","type":"post","link":"https:\/\/jornalnoticiasdopais.com.br\/index.php\/2020\/09\/13\/festival-cantos-de-beaga-estreia-com-o-tema-o-que-e-que-bh-tem\/","title":{"rendered":"Festival Cantos de Beag\u00e1 estreia com o tema \u201cO que \u00e9 que BH tem?\u201d"},"content":{"rendered":"\n<p class=\"has-text-align-center\"><strong><em>O evento on-line, que acontece no dia 22 de setembro, \u00e0s 17h, ser\u00e1 transmitido pelo Youtube da Favo Cultural, com curiosidades sobre os atrativos tur\u00edsticos da cidade, apresenta\u00e7\u00f5es musicais de L\u00edvia Itaborahy, Nath Rodrigues, Yan Brumas e Vagn\u00e9r Santo, al\u00e9m de uma palestra do psic\u00f3logo Armando Siebler sobre a inclus\u00e3o de pessoas LGBTQIA+; para promover a acessibilidade, toda a iniciativa contar\u00e1 com a com a presen\u00e7a de int\u00e9rpretes de libras<\/em><\/strong><\/p>\n\n\n\n<p><strong>C<\/strong>om o intuito de tornar mais leve este per\u00edodo de pandemia, vem a\u00ed a primeira edi\u00e7\u00e3o do&nbsp;<strong>Festival Cantos de Beag\u00e1.<\/strong>&nbsp;Com o tema&nbsp;<strong>\u201cO que \u00e9 que BH tem?\u201d<\/strong>, o evento vai proporcionar entretenimento seguro, com uma programa\u00e7\u00e3o diversificada. Ao todo, ser\u00e3o mais de quatro horas de lazer com m\u00fasica, palestra e curiosidades sobre os atrativos tur\u00edsticos da capital mineira. A transmiss\u00e3o on-line ser\u00e1 no&nbsp;<strong>dia 22 de setembro, ter\u00e7a-feira, \u00e0s 17h<\/strong>, por meio do&nbsp;<strong>canal da Favo Cultural no YouTube<\/strong>&nbsp;(<a href=\"https:\/\/youtu.be\/SHCp2xlW0_0\" target=\"_blank\" rel=\"noreferrer noopener\">https:\/\/youtu.be\/SHCp2xlW0_0<\/a>).<\/p>\n\n\n\n<p>Para celebrar a chegada da primavera e o florescer de coisas boas, o Cantos de Beag\u00e1 chega com uma programa\u00e7\u00e3o comandada pela apresentadora Fernanda Izidoro que receber\u00e1 no palco, entre can\u00e7\u00f5es, em lives intimistas, e bate-papo, as cantoras&nbsp;<strong>L\u00edvia Itaborahy&nbsp;<\/strong>e<strong>&nbsp;Nath Rodrigues<\/strong>, os cantores&nbsp;<strong>Yan Brumas&nbsp;<\/strong>e<strong>&nbsp;Vagn\u00e9r Santo<\/strong>, al\u00e9m do psic\u00f3logo Armando Siebler, com uma palestra sobre a inclus\u00e3o de pessoas LGBTQIA+. Para promover a acessibilidade, o evento contar\u00e1 com int\u00e9rpretes de libras, L\u00edngua&nbsp;Brasileira de Sinais. Durante a transmiss\u00e3o, ser\u00e1 poss\u00edvel fazer doa\u00e7\u00f5es por meio de um QR Code para a A\u00e7\u00e3o de Solidariedade Feminista da Marcha Mundial das Mulheres.<\/p>\n\n\n\n<p><strong>Gastronomia e turismo<\/strong><\/p>\n\n\n\n<p>Outro destaque do festival ser\u00e1 a exibi\u00e7\u00e3o de v\u00eddeos tur\u00edsticos que ir\u00e3o convidar o p\u00fablico a fazer uma visita virtual pelo Circuito Cultural da Pra\u00e7a da Liberdade, pelo universo da gastronomia, Mercado Central, bairro Bonfim, viaduto de Santa Tereza, passando pelas principais festas e festivais de Belo Horizonte, al\u00e9m do Conjunto Arquitet\u00f4nico e Paisag\u00edstico da Pampulha, um dos principais cart\u00f5es postais da capital mineira e Patrim\u00f4nio Cultural da Humanidade.<\/p>\n\n\n\n<p>\u201cA ideia \u00e9 promover os pontos tur\u00edsticos durante a pandemia, incentivando as pessoas a conhecerem locais da cidade, mesmo sem sair de casa\u201d, diz L\u00facia R\u00eago, diretora da Favo Cultural, empresa realizadora do projeto.<\/p>\n\n\n\n<p><strong>Palestra<\/strong><\/p>\n\n\n\n<p>O combate \u00e0 discrimina\u00e7\u00e3o e a garantia da inclus\u00e3o efetiva de todas as pessoas s\u00e3o grandes desafios atuais. Com base nisso, o psic\u00f3logo Armando Siebler, fundador da A1 Turismo e Viagens, empresa especializada em turismo receptivo e em atendimento ao p\u00fablico LGBTQIA+ (l\u00e9sbicas, gays, bissexuais, travestis, transsexuais, queer e outros grupos de g\u00eanero e sexualidade) ministrar\u00e1 a palestra inclusiva \u201cDiversar a Diversidade\u201d.<\/p>\n\n\n\n<p><strong>Sustentabilidade e cidadania<\/strong><\/p>\n\n\n\n<p>Ser\u00e3o debatidos, ainda, temas importantes sobre as quest\u00f5es sociais, como, sustentabilidade e cidadania por meio das campanhas: \u201cDiga n\u00e3o \u00e0 viol\u00eancia dom\u00e9stica\u201d e \u201cCompostagem dom\u00e9stica\u201d. Na pr\u00e1tica, essas a\u00e7\u00f5es, j\u00e1 est\u00e3o sendo difundidas no Facebook e Instagram da Favo Cultural.<\/p>\n\n\n\n<p><strong>Sobre os artistas<\/strong><\/p>\n\n\n\n<p><strong>L\u00edvia Itaborahy<\/strong><\/p>\n\n\n\n<p>L\u00edvia Oliveira Itaborahy \u00e9 cantora e compositora nascida em Volta Redonda (RJ). Mudou-se para Minas Gerais com oito anos e, desde os 16, comp\u00f5e e se apresenta profissionalmente. Participou de diversos festivais com can\u00e7\u00f5es pr\u00f3prias e como int\u00e9rprete. No final do ano de 2013 foi selecionada para ser uma das nove int\u00e9rpretes do \u201cProjeto Elas de Minas\u201d com dire\u00e7\u00e3o musical de Maur\u00edcio Ribeiro e curadoria de M\u00e1rcio Borges. Em 2014, ela foi escolhida como uma das vozes do programa \u201cThe Voice Brasil\u201d com a interpreta\u00e7\u00e3o da can\u00e7\u00e3o \u201cVieste\u201d de Ivan Lins. Graduou-se em Licenciatura em M\u00fasica com Habilita\u00e7\u00e3o em Viol\u00e3o erudito pela Universidade Estadual de Minas Gerais (UEMG).<\/p>\n\n\n\n<p><strong>Nath Rodrigues<\/strong><\/p>\n\n\n\n<p>Nath Rodrigues \u00e9 multi-instrumentista, cantora, compositora, investigadora das artes c\u00eanicas, educadora musical e estudante de Musicoterapia pela UFMG. \u00c9 cofundadora do Coletivo Negras Autoras e faz parte do Coletivo Lugar de Mulher. Lan\u00e7ou em julho de 2019 seu primeiro disco solo, o Fractal, \u00e1lbum composto por 11 m\u00fasicas que conta com participa\u00e7\u00f5es de Chico C\u00e9sar (PB), Lu\u00edsa Mitre (MG), Vitor Santana (MG), S\u00e9rgio Perer\u00ea (MG), entre outros. O \u00e1lbum foi listado entre os 100 melhores discos da m\u00fasica brasileira no ano de 2019 pela p\u00e1gina \u201cEmbrulhador\u201d. Paralelo ao Fractal, Nath apresenta suas can\u00e7\u00f5es em formato solo com o projeto intitulado \u201cCordas Gerais\u201d, que j\u00e1 circulou por diversas cidades brasileiras, al\u00e9m de pa\u00edses como Argentina, Su\u00ed\u00e7a, Portugal e It\u00e1lia. A artista est\u00e1 em processo de grava\u00e7\u00e3o de seu segundo disco, que conta com novas can\u00e7\u00f5es autorais e releituras de can\u00e7\u00f5es estrangeiras.<\/p>\n\n\n\n<p><strong>Yan Brumas<\/strong><\/p>\n\n\n\n<p>Yan Brumas \u00e9 int\u00e9rprete musical e ator. Formado em Arte Dram\u00e1tica pelo Centro de Forma\u00e7\u00e3o Art\u00edstica e Tecnol\u00f3gica da Funda\u00e7\u00e3o Cl\u00f3vis Salgado. Estudou m\u00fasica na Funda\u00e7\u00e3o de Educa\u00e7\u00e3o Art\u00edstica, em Belo Horizonte (MG). No estudo de Canto teve como professores: Babaya Morais (MG), Eud\u00f3sia Acu\u00f1a Quinteiro (SP), El\u00e1dio P\u00e9rez-Gonz\u00e1lez (RJ), A\u00edda Couto (MG) e Viviane Donner (MG). Yan atuou em 25 espet\u00e1culos c\u00eanicos, al\u00e9m de ter realizado trabalhos em filmes cinematogr\u00e1ficos, r\u00e1dio e televis\u00e3o. Dos seus shows musicais destacam-se: De peito aberto (2014), Tropical (2015) e Mutante (2018). Yan tamb\u00e9m foi vocalista da banda Barraus (que contemplava repert\u00f3rio da black music nacional), al\u00e9m de ter se apresentado em carnavais brasileiros, com shows em palco e trio el\u00e9trico.<\/p>\n\n\n\n<p><strong>Vagn\u00e9r Santo<\/strong><\/p>\n\n\n\n<p>Poeta, compositor, cantor e P\u00f3s-doutor na \u00e1rea odontol\u00f3gica, Vagn\u00e9r Santo nasceu na cidade de Rubim, no Vale do Jequitinhonha (MG). Mudou-se para Belo Horizonte em 1975, onde criou o grupo Seriguela e Pitanga, que interpretava m\u00fasicas de ra\u00edzes. Com o t\u00e9rmino da banda, em 1980, o m\u00fasico iniciou carreira solo. Ganhou premia\u00e7\u00e3o em diversos festivais de m\u00fasica. Em 2006 lan\u00e7ou o primeiro CD \u201cDo salgado e do doce\u201d. Seis anos depois lan\u00e7ou a vers\u00e3o em ingl\u00eas do mesmo \u00e1lbum em Berkeley, na Calif\u00f3rnia (EUA). Em 2015 apresentou o novo trabalho, o \u00e1lbum \u201cDe Palavras e Vinhos\u201d, com dire\u00e7\u00e3o musical assinada pelo m\u00fasico americano Kai Eckhardt e gravado no Studio OTR, na Calif\u00f3rnia, nos Estados Unidos.<\/p>\n\n\n\n<p><strong>Servi\u00e7o:<\/strong><\/p>\n\n\n\n<p><strong>Festival Cantos de Beag\u00e1<\/strong><\/p>\n\n\n\n<p><strong>Tema:<\/strong>&nbsp;\u201c<strong>O que \u00e9 que BH tem?\u201d<\/strong><\/p>\n\n\n\n<p><strong>Data:&nbsp;<\/strong>22 de setembro, ter\u00e7a-feira<\/p>\n\n\n\n<p><strong>Hor\u00e1rio:&nbsp;<\/strong>17h<\/p>\n\n\n\n<p><strong>Evento on-line e gratuito transmitido pelo canal da Favo Cultural no YouTube:&nbsp;<\/strong><a href=\"https:\/\/youtu.be\/SHCp2xlW0_0\" target=\"_blank\" rel=\"noreferrer noopener\">https:\/\/youtu.be\/SHCp2xlW0_0<\/a><\/p>\n\n\n\n<p><strong>Programa\u00e7\u00e3o:&nbsp;<\/strong>apresenta\u00e7\u00f5es de curiosidades sobre os atrativos tur\u00edsticos da cidade, lives musicais de L\u00edvia Itaborahy, Nath Rodrigues, Yan Brumas e Vagn\u00e9r Santo, al\u00e9m de uma palestra do psic\u00f3logo Armando Siebler sobre a inclus\u00e3o de pessoas LGBTQIA+<\/p>\n\n\n\n<p><strong>Realiza\u00e7\u00e3o<\/strong>: Favo Cultural<\/p>\n\n\n\n<p><strong>Favo Cultural nas redes sociais:<\/strong><\/p>\n\n\n\n<p><strong>Facebook:<\/strong>&nbsp;<a href=\"https:\/\/www.facebook.com\/FavoCultural\/\" target=\"_blank\" rel=\"noreferrer noopener\">https:\/\/www.facebook.com\/FavoCultural\/<\/a><\/p>\n\n\n\n<p><strong>Instagram:<\/strong>&nbsp;<a href=\"https:\/\/www.instagram.com\/favocultural\/\" target=\"_blank\" rel=\"noreferrer noopener\">https:\/\/www.instagram.com\/favocultural\/<\/a><\/p>\n\n\n\n<p><strong>YouTube:<\/strong>&nbsp;<a href=\"https:\/\/www.youtube.com\/channel\/UCuV-kpwqTfBjvQLLOjkgrrQ\" target=\"_blank\" rel=\"noreferrer noopener\">https:\/\/www.youtube.com\/channel\/UCuV-kpwqTfBjvQLLOjkgrrQ<\/a><\/p>\n","protected":false},"excerpt":{"rendered":"<p>O evento on-line, que acontece no dia 22 de setembro, \u00e0s 17h, ser\u00e1 transmitido pelo Youtube da Favo Cultural, com &hellip; <a class=\"more-link\" href=\"https:\/\/jornalnoticiasdopais.com.br\/index.php\/2020\/09\/13\/festival-cantos-de-beaga-estreia-com-o-tema-o-que-e-que-bh-tem\/\">More<\/a><\/p>\n","protected":false},"author":2,"featured_media":62,"comment_status":"open","ping_status":"open","sticky":true,"template":"","format":"standard","meta":[],"categories":[1],"tags":[],"_links":{"self":[{"href":"https:\/\/jornalnoticiasdopais.com.br\/index.php\/wp-json\/wp\/v2\/posts\/61"}],"collection":[{"href":"https:\/\/jornalnoticiasdopais.com.br\/index.php\/wp-json\/wp\/v2\/posts"}],"about":[{"href":"https:\/\/jornalnoticiasdopais.com.br\/index.php\/wp-json\/wp\/v2\/types\/post"}],"author":[{"embeddable":true,"href":"https:\/\/jornalnoticiasdopais.com.br\/index.php\/wp-json\/wp\/v2\/users\/2"}],"replies":[{"embeddable":true,"href":"https:\/\/jornalnoticiasdopais.com.br\/index.php\/wp-json\/wp\/v2\/comments?post=61"}],"version-history":[{"count":0,"href":"https:\/\/jornalnoticiasdopais.com.br\/index.php\/wp-json\/wp\/v2\/posts\/61\/revisions"}],"wp:featuredmedia":[{"embeddable":true,"href":"https:\/\/jornalnoticiasdopais.com.br\/index.php\/wp-json\/wp\/v2\/media\/62"}],"wp:attachment":[{"href":"https:\/\/jornalnoticiasdopais.com.br\/index.php\/wp-json\/wp\/v2\/media?parent=61"}],"wp:term":[{"taxonomy":"category","embeddable":true,"href":"https:\/\/jornalnoticiasdopais.com.br\/index.php\/wp-json\/wp\/v2\/categories?post=61"},{"taxonomy":"post_tag","embeddable":true,"href":"https:\/\/jornalnoticiasdopais.com.br\/index.php\/wp-json\/wp\/v2\/tags?post=61"}],"curies":[{"name":"wp","href":"https:\/\/api.w.org\/{rel}","templated":true}]}}