{"id":51,"date":"2020-09-13T12:52:49","date_gmt":"2020-09-13T15:52:49","guid":{"rendered":"https:\/\/jornalnoticiasdopais.wordpress.com\/?p=51"},"modified":"2020-09-13T12:52:49","modified_gmt":"2020-09-13T15:52:49","slug":"economista-mineiro-faz-a-travessia-de-margem-a-margem-do-rio-paraiba","status":"publish","type":"post","link":"https:\/\/jornalnoticiasdopais.com.br\/index.php\/2020\/09\/13\/economista-mineiro-faz-a-travessia-de-margem-a-margem-do-rio-paraiba\/","title":{"rendered":"Economista mineiro faz a travessia \u2018de margem a margem\u2019 do Rio Para\u00edba"},"content":{"rendered":"\n<p><em><strong>Fotos: Arquivo Pessoal \u2013 Gelton Pinto Coelho.<\/strong><\/em><\/p>\n\n\n\n<h5 class=\"has-text-align-center\"><strong><em>Gelton Pinto Coelho \u00e9 presidente do&nbsp;<a href=\"http:\/\/corecon-mg.org.br\/corecon-cultural\/\" target=\"_blank\" rel=\"noreferrer noopener\">\u2018Instituto Corecon Cultural \u2013 Conselho Regional de Economia de Minas Gerais\u2019<\/a><\/em><\/strong><\/h5>\n\n\n\n<p><strong>A<\/strong>costumado a pedalar por terras mineiras o&nbsp;<strong>economista Gelton Pinto Coelho<\/strong>&nbsp;reativou um sonho antigo de desbravar outras regi\u00f5es do pa\u00eds com sua bicicleta. Em 2014 ele lan\u00e7ou o projeto<strong>&nbsp;De Pedal por a\u00ed<\/strong>. A mostra, composta por 19 imagens, reuniu registros da paisagem em diferentes cidades:&nbsp;<strong>Ribeir\u00e3o da Neves, Caet\u00e9, Sabar\u00e1, Alto Capara\u00f3 e Fernando de Noronha.<\/strong>&nbsp;Em comum, o fato de o fot\u00f3grafo ter chegado aos locais de bicicleta.<\/p>\n\n\n\n<figure class=\"wp-block-image\" id=\"attachment_15644\"><img src=\"https:\/\/brasilagoraonline.com.br\/wp-content\/uploads\/2020\/09\/IMG-20200912-WA0008-1024x768.jpg\" alt=\"\" class=\"wp-image-15644\" \/><figcaption><strong>O economista Gelton Pinto Coelho, que tamb\u00e9m \u00e9 presidente do&nbsp;<a href=\"http:\/\/corecon-mg.org.br\/corecon-cultural\/\" target=\"_blank\" rel=\"noreferrer noopener\">Instituto Corecon Cultural | Conselho Regional de Economia de Minas Gerais.<\/a><\/strong><\/figcaption><\/figure>\n\n\n\n<p>Seis anos depois, agora passando uns tempos em&nbsp;<a href=\"https:\/\/pt.wikipedia.org\/wiki\/Jo%C3%A3o_Pessoa\" target=\"_blank\" rel=\"noreferrer noopener\"><strong>Jo\u00e3o Pessoa<\/strong><\/a>, ele deseja ir muito al\u00e9m das ciclovias e estradas da regi\u00e3o. Na \u00faltima sexta-feira, dia 11 de setembro, em parceria com&nbsp;<strong><a href=\"https:\/\/www.instagram.com\/aquabikepb\/\" target=\"_blank\" rel=\"noreferrer noopener\">@aquabikepb<\/a><\/strong>, ele fez a travessia de margem a margem do Rio Para\u00edba no p\u00f4r do sol do Jacar\u00e9. O ponto tur\u00edstico foi escolhido para testar os equipamentos e verificar a viabilidade de descer o rio num trajeto que ter\u00e1 no total 10km a partir do&nbsp;<a href=\"http:\/\/www.de.ufpb.br\/~ronei\/JoaoPessoa\/capim.htm\" target=\"_blank\" rel=\"noreferrer noopener\"><strong>Porto do Capim<\/strong><\/a>, no centro de Jo\u00e3o Pessoa.<\/p>\n\n\n\n<div class=\"wp-block-image\"><figure class=\"aligncenter\"><img src=\"https:\/\/brasilagoraonline.com.br\/wp-content\/uploads\/2020\/09\/IMG-20200912-WA0009-1024x768.jpg\" alt=\"\" class=\"wp-image-15645\" \/><\/figure><\/div>\n\n\n\n<p>Um dos objetivos \u00e9 estimular o uso da bicicleta como meio de transporte de baixo impacto ambiental, baixo custo de aquisi\u00e7\u00e3o e manuten\u00e7\u00e3o. Al\u00e9m disso, fazer trajetos na cidade de bicicleta \u00e9 uma alternativa de&nbsp;<a href=\"https:\/\/g.co\/kgs\/531QJk\" target=\"_blank\" rel=\"noreferrer noopener\"><strong>mobilidade urbana<\/strong><\/a>&nbsp;que favorece a sustentabilidade, a inclus\u00e3o social, a redu\u00e7\u00e3o da polui\u00e7\u00e3o e a melhoria da qualidade de vida da popula\u00e7\u00e3o.<\/p>\n\n\n\n<p>Com a pandemia,&nbsp;<strong>Gelton Pinto Coelho<\/strong>, que \u00e9 presidente do&nbsp;<a href=\"http:\/\/corecon-mg.org.br\/corecon-cultural\/\" target=\"_blank\" rel=\"noreferrer noopener\"><strong>\u2018Instituto Corecon Cultural&nbsp; Conselho Regional de Economia de Minas Gerais\u2019<\/strong><\/a>, iniciou a pesquisa por iniciativas que possam gerar renda e sustentabilidade usando a criatividade e recursos j\u00e1 dispon\u00edveis nas popula\u00e7\u00f5es e comunidades que ser\u00e3o visitadas. Entendendo que a cultura, o turismo e a diversifica\u00e7\u00e3o econ\u00f4mica podem trazer muitas receitas para as cidades ele \u00e9 taxativo. \u201c\u00c9 preciso investir no turismo al\u00e9m do sol e mar\u201d. Ainda para o \u2018economista-trilheiro\u2019, h\u00e1 um amplo mercado aberto ao cicloturismo na regi\u00e3o e pouca oferta de produtos seguros a quem viaja o pa\u00eds e tem paix\u00e3o por pedalar.<\/p>\n\n\n\n<div class=\"wp-block-image\"><figure class=\"aligncenter\"><img src=\"https:\/\/brasilagoraonline.com.br\/wp-content\/uploads\/2020\/09\/IMG-20200912-WA0010-1024x768.jpg\" alt=\"\" class=\"wp-image-15646\" \/><\/figure><\/div>\n\n\n\n<p><strong>Mais informa\u00e7\u00f5es<\/strong><\/p>\n\n\n\n<p><strong>Para saber mais, entre \u2018diretamente\u2019 em contato com o economista Gelton Pinto Coelho, atrav\u00e9s do Instagram:&nbsp;<a href=\"https:\/\/www.instagram.com\/geltonfilho\/?hl=pt-br\" target=\"_blank\" rel=\"noreferrer noopener\">@geltonfilho<\/a>&nbsp;.&nbsp;<\/strong><\/p>\n","protected":false},"excerpt":{"rendered":"<p>Fotos: Arquivo Pessoal \u2013 Gelton Pinto Coelho. Gelton Pinto Coelho \u00e9 presidente do&nbsp;\u2018Instituto Corecon Cultural \u2013 Conselho Regional de Economia &hellip; <a class=\"more-link\" href=\"https:\/\/jornalnoticiasdopais.com.br\/index.php\/2020\/09\/13\/economista-mineiro-faz-a-travessia-de-margem-a-margem-do-rio-paraiba\/\">More<\/a><\/p>\n","protected":false},"author":2,"featured_media":53,"comment_status":"open","ping_status":"open","sticky":true,"template":"","format":"standard","meta":[],"categories":[1],"tags":[],"_links":{"self":[{"href":"https:\/\/jornalnoticiasdopais.com.br\/index.php\/wp-json\/wp\/v2\/posts\/51"}],"collection":[{"href":"https:\/\/jornalnoticiasdopais.com.br\/index.php\/wp-json\/wp\/v2\/posts"}],"about":[{"href":"https:\/\/jornalnoticiasdopais.com.br\/index.php\/wp-json\/wp\/v2\/types\/post"}],"author":[{"embeddable":true,"href":"https:\/\/jornalnoticiasdopais.com.br\/index.php\/wp-json\/wp\/v2\/users\/2"}],"replies":[{"embeddable":true,"href":"https:\/\/jornalnoticiasdopais.com.br\/index.php\/wp-json\/wp\/v2\/comments?post=51"}],"version-history":[{"count":0,"href":"https:\/\/jornalnoticiasdopais.com.br\/index.php\/wp-json\/wp\/v2\/posts\/51\/revisions"}],"wp:featuredmedia":[{"embeddable":true,"href":"https:\/\/jornalnoticiasdopais.com.br\/index.php\/wp-json\/wp\/v2\/media\/53"}],"wp:attachment":[{"href":"https:\/\/jornalnoticiasdopais.com.br\/index.php\/wp-json\/wp\/v2\/media?parent=51"}],"wp:term":[{"taxonomy":"category","embeddable":true,"href":"https:\/\/jornalnoticiasdopais.com.br\/index.php\/wp-json\/wp\/v2\/categories?post=51"},{"taxonomy":"post_tag","embeddable":true,"href":"https:\/\/jornalnoticiasdopais.com.br\/index.php\/wp-json\/wp\/v2\/tags?post=51"}],"curies":[{"name":"wp","href":"https:\/\/api.w.org\/{rel}","templated":true}]}}