{"id":446,"date":"2025-08-11T08:53:28","date_gmt":"2025-08-11T11:53:28","guid":{"rendered":"http:\/\/jornalnoticiasdopais.com.br\/?p=446"},"modified":"2025-08-11T09:00:46","modified_gmt":"2025-08-11T12:00:46","slug":"bruno-marrone-enzo-rabelo-e-dino-fonseca-inevitavel-a-festa-chega-a-bh-em-novembro","status":"publish","type":"post","link":"https:\/\/jornalnoticiasdopais.com.br\/index.php\/2025\/08\/11\/bruno-marrone-enzo-rabelo-e-dino-fonseca-inevitavel-a-festa-chega-a-bh-em-novembro\/","title":{"rendered":"Bruno &amp; Marrone, Enzo Rabelo e Dino Fonseca: &#8216;Inevit\u00e1vel &#8211; A Festa&#8217; chega a BH em novembro"},"content":{"rendered":"<p><strong>Bruno &amp; Marrone na Inevit\u00e1vel &#8211; A Festa<\/strong><br \/>\n<strong>Divulga\u00e7\u00e3o.<\/strong><\/p>\n<p>&nbsp;<\/p>\n<p style=\"text-align: center;\"><strong><i>Evento promete mais de quatro horas de m\u00fasica no Expominas; vendas de ingressos iniciam nesta quarta-feira, 13 de agosto<\/i><\/strong><\/p>\n<div>\n<p>\u00a0Belo Horizonte se prepara para receber um dos grandes encontros musicais do ano. A capital mineira ser\u00e1 palco de &#8220;Inevit\u00e1vel &#8211; A Festa&#8221;, um evento realizado pela Tim Soier Promo\u00e7\u00f5es, Nenety Eventos e WorldShow Promo\u00e7\u00f5es e Eventos, que reunir\u00e1 a dupla Bruno &amp; Marrone, a revela\u00e7\u00e3o Enzo Rabelo, e o talento de Dino Fonseca. O espet\u00e1culo est\u00e1 marcado para o dia 15 de novembro, s\u00e1bado, no Expominas (<a href=\"https:\/\/www.google.com\/maps\/search\/Avenida+Amazonas,+6200?entry=gmail&amp;source=g\">Avenida Amazonas, 6200<\/a>, no bairro Gameleira). Os ingressos come\u00e7am a ser vendidos nesta quarta-feira, 13 de agosto, por meio da plataforma Bem Ingressos.<\/p>\n<p><img src=\"https:\/\/ci3.googleusercontent.com\/meips\/ADKq_Nai0FaH2pYby44dSOvycS5hzwh-gX1VSG8Uq3xRF-eBc28e-b4T3cjMiTGnW1pXouWutS9xlWo7tvGV8_CjVrncj3bwADrpk0biRFmI26C9vk-Wl2WCoSc5lkJ37hP_7udUm2L6DKCzYLMXfEx5zjY3fdjtTuY_t6Oq-4mBOao5awC8JnoWXcVrRZeohy1VO04oGZAJCcLFvKV39zoQ=s0-d-e1-ft#https:\/\/files.pressmanager.net\/clientes\/67dd844a69e08263976a65f343f9b4e0\/imagens\/2025\/08\/11\/674de3a92cdbb75b7de32d4dcb45f719_medium.jpg\" alt=\"\" width=\"200\" align=\"right\" hspace=\"10\" vspace=\"10\" \/>O projeto &#8220;Inevit\u00e1vel \u2013 A Festa&#8221; foi idealizado para proporcionar uma experi\u00eancia \u00fanica e interativa aos f\u00e3s, unindo o melhor do sertanejo a momentos imersivos que prometem transformar cada show em uma experi\u00eancia inesquec\u00edvel. Com mais de quatro horas de m\u00fasica, o projeto, que na capital mineira conta com o patroc\u00ednio da Prefeitura de Belo Horizonte, por meio da Belotur, promete oferecer emo\u00e7\u00e3o e divers\u00e3o com momentos \u00fanicos.<\/p>\n<p>Com uma trajet\u00f3ria de quase quatro d\u00e9cadas, a dupla Bruno &amp; Marrone trar\u00e1 para a &#8220;Inevit\u00e1vel &#8211; A Festa&#8221; um repert\u00f3rio especial, que revisita os grandes sucessos que marcaram sua carreira e inclui can\u00e7\u00f5es in\u00e9ditas do projeto &#8220;Revivem Sua Hist\u00f3ria &#8211; Ao Vivo em Uberl\u00e2ndia&#8221;. O evento promete momentos solo para cada integrante: Marrone apresentar\u00e1 a pot\u00eancia de sua segunda voz, enquanto Bruno interpretar\u00e1 can\u00e7\u00f5es individuais, buscando uma conex\u00e3o mais profunda com o p\u00fablico.<\/p>\n<p>&#8220;Belo Horizonte sempre recebeu a gente de bra\u00e7os abertos, e agora chegou a vez de conhecerem nossa label. Inevit\u00e1vel &#8211; A Festa, que \u00e9 mais que um show, a gente tenta levar a melhor experi\u00eancia para todo mundo, temos intera\u00e7\u00f5es, fazemos um tempo de show maior, al\u00e9m de contarmos com o Dino Fonseca e Enzo Rabelo com a gente no evento tamb\u00e9m&#8221;, disse a dupla Bruno &amp; Marrone.<\/p>\n<p>Filho de Bruno, Enzo Rabelo \u00e9 um dos novos talentos do cen\u00e1rio musical, trazendo uma fus\u00e3o de pop com suas ra\u00edzes sertanejas. Ele apresentar\u00e1 seus sucessos autorais como &#8220;Perfeitinha&#8221; e &#8220;Tijolinho por Tijolinho&#8221;, al\u00e9m dos singles mais recentes, &#8220;Desculpa&#8221; e &#8220;Vers\u00f5es&#8221;. O show de abertura de Enzo refor\u00e7a a proposta de diversidade musical do evento, introduzindo um toque contempor\u00e2neo.<\/p>\n<p>Conhecido por sua versatilidade no rock nacional, Dino Fonseca, que tamb\u00e9m vai aquecer o p\u00fablico antes da chegada de Bruno &amp; Marrone, vai promover um momento dedicado a cl\u00e1ssicos da m\u00fasica mundial. Seu show contar\u00e1 com arranjos ac\u00fasticos que foram sucesso em seu projeto &#8220;Acoustic Sessions&#8221; em 2022. O repert\u00f3rio incluir\u00e1 covers de bandas ic\u00f4nicas dos anos 1970, 1980 e 1990, como A-ha, Beatles, Bon Jovi e Queen, criando uma atmosfera nost\u00e1lgica e envolvente.<\/p>\n<p><strong>Conhe\u00e7a Belo Horizonte<\/strong><\/p>\n<p>A capital mineira se firma como um dos principais polos tur\u00edsticos e culturais do Brasil, mesclando hist\u00f3ria, modernidade e uma agenda cultural movimentada. Reconhecida pela UNESCO pelo ic\u00f4nico Conjunto Arquitet\u00f4nico da Pampulha, que inclui a Igreja de S\u00e3o Francisco de Assis projetada por Oscar Niemeyer, a cidade oferece atra\u00e7\u00f5es que encantam os mais diversos p\u00fablicos. O Circuito Cultural Pra\u00e7a da Liberdade re\u00fane museus e espa\u00e7os art\u00edsticos que celebram a arte e a hist\u00f3ria mineira, enquanto o Mercado Central, com suas mais de 400 lojas, destaca o melhor da rica gastronomia e artesanato local. Al\u00e9m disso, o munic\u00edpio se consagra como destino de refer\u00eancia para grandes eventos, com uma infraestrutura moderna que recebe desde turn\u00eas internacionais e shows no Expominas e Mineir\u00e3o, at\u00e9 festivais de m\u00fasica, teatro e gastronomia espalhados pela capital.<\/p>\n<p>&nbsp;<\/p>\n<p><strong>Servi\u00e7o:<\/strong><\/p>\n<p><strong><br \/>\n1953 Friboi e Seara Gourmet\u00a0 apresentam: &#8216;Inevit\u00e1vel &#8211; A Festa&#8217; em Belo Horizonte<\/strong><\/p>\n<p><strong>Data:<\/strong>\u00a015 de novembro (s\u00e1bado)<\/p>\n<p><strong>Local:<\/strong>\u00a0Expominas \u2013\u00a0<a href=\"https:\/\/www.google.com\/maps\/search\/Avenida+Amazonas,+6200,+Gameleira,+Belo+Horizonte,+MG?entry=gmail&amp;source=g\">Avenida Amazonas, 6200, Gameleira, Belo Horizonte, MG<\/a><\/p>\n<p><strong>Atra\u00e7\u00f5es:<\/strong>\u00a0Bruno &amp; Marrone, Enzo Rabelo e Dino Fonseca<\/p>\n<p><strong>Ingressos:<\/strong>\u00a0vendas a partir de 13 de agosto, na plataforma oficial Bem Ingressos<\/p>\n<p><strong>Realiza\u00e7\u00e3o:<\/strong>\u00a0Tim Soier Promo\u00e7\u00f5es, Nenety Eventos e WorldShow Promo\u00e7\u00f5es e Eventos<\/p>\n<p><strong>Patroc\u00ednio:<\/strong>\u00a0Prefeitura de Belo Horizonte, por meio da Belotur<\/p>\n<\/div>\n","protected":false},"excerpt":{"rendered":"<p>Bruno &amp; Marrone na Inevit\u00e1vel &#8211; A Festa Divulga\u00e7\u00e3o. &nbsp; Evento promete mais de quatro horas de m\u00fasica no Expominas; &hellip; <a class=\"more-link\" href=\"https:\/\/jornalnoticiasdopais.com.br\/index.php\/2025\/08\/11\/bruno-marrone-enzo-rabelo-e-dino-fonseca-inevitavel-a-festa-chega-a-bh-em-novembro\/\">More<\/a><\/p>\n","protected":false},"author":3,"featured_media":447,"comment_status":"open","ping_status":"open","sticky":true,"template":"","format":"standard","meta":[],"categories":[31,17,7,4],"tags":[],"_links":{"self":[{"href":"https:\/\/jornalnoticiasdopais.com.br\/index.php\/wp-json\/wp\/v2\/posts\/446"}],"collection":[{"href":"https:\/\/jornalnoticiasdopais.com.br\/index.php\/wp-json\/wp\/v2\/posts"}],"about":[{"href":"https:\/\/jornalnoticiasdopais.com.br\/index.php\/wp-json\/wp\/v2\/types\/post"}],"author":[{"embeddable":true,"href":"https:\/\/jornalnoticiasdopais.com.br\/index.php\/wp-json\/wp\/v2\/users\/3"}],"replies":[{"embeddable":true,"href":"https:\/\/jornalnoticiasdopais.com.br\/index.php\/wp-json\/wp\/v2\/comments?post=446"}],"version-history":[{"count":1,"href":"https:\/\/jornalnoticiasdopais.com.br\/index.php\/wp-json\/wp\/v2\/posts\/446\/revisions"}],"predecessor-version":[{"id":448,"href":"https:\/\/jornalnoticiasdopais.com.br\/index.php\/wp-json\/wp\/v2\/posts\/446\/revisions\/448"}],"wp:featuredmedia":[{"embeddable":true,"href":"https:\/\/jornalnoticiasdopais.com.br\/index.php\/wp-json\/wp\/v2\/media\/447"}],"wp:attachment":[{"href":"https:\/\/jornalnoticiasdopais.com.br\/index.php\/wp-json\/wp\/v2\/media?parent=446"}],"wp:term":[{"taxonomy":"category","embeddable":true,"href":"https:\/\/jornalnoticiasdopais.com.br\/index.php\/wp-json\/wp\/v2\/categories?post=446"},{"taxonomy":"post_tag","embeddable":true,"href":"https:\/\/jornalnoticiasdopais.com.br\/index.php\/wp-json\/wp\/v2\/tags?post=446"}],"curies":[{"name":"wp","href":"https:\/\/api.w.org\/{rel}","templated":true}]}}