{"id":440,"date":"2025-08-06T14:18:55","date_gmt":"2025-08-06T17:18:55","guid":{"rendered":"http:\/\/jornalnoticiasdopais.com.br\/?p=440"},"modified":"2025-08-06T14:18:55","modified_gmt":"2025-08-06T17:18:55","slug":"vendas-abertas-para-o-encontro-do-ano-entre-thiaguinho-e-belo-em-bh","status":"publish","type":"post","link":"https:\/\/jornalnoticiasdopais.com.br\/index.php\/2025\/08\/06\/vendas-abertas-para-o-encontro-do-ano-entre-thiaguinho-e-belo-em-bh\/","title":{"rendered":"Vendas abertas para o encontro do ano entre Thiaguinho e Belo em BH"},"content":{"rendered":"<p><strong>Thiaguinho e Belo &#8211; Divulga\u00e7\u00e3o.\u00a0<\/strong><\/p>\n<p style=\"text-align: center;\"><strong><i>Evento hist\u00f3rico acontece no dia 11 de outubro, na \u00e1rea externa do Mineirinho, e os ingressos promocionais j\u00e1 podem ser adquiridos por meio da plataforma Central dos Eventos<\/i><\/strong><\/p>\n<div>\n<p>\u00a0A\u00a0espera acabou! As vendas para um dos eventos que mais causaram repercuss\u00e3o nos \u00faltimos tempos acabam de ser liberadas. O encontro do ano entre os gigantes do samba e do pagode, Thiaguinho e Belo, ser\u00e1 realizado no 11 de outubro, s\u00e1bado, \u00e0s 16h, na \u00e1rea externa do Mineirinho (<a href=\"https:\/\/www.google.com\/maps\/search\/Av.+Ant+nio+Abrah+o+Caram,+1000,+Pampulha,+BH,+MG?entry=gmail&amp;source=g\">Av. Ant<\/a>\u00f4<a href=\"https:\/\/www.google.com\/maps\/search\/Av.+Ant+nio+Abrah+o+Caram,+1000,+Pampulha,+BH,+MG?entry=gmail&amp;source=g\">nio Abrah<\/a>\u00e3<a href=\"https:\/\/www.google.com\/maps\/search\/Av.+Ant+nio+Abrah+o+Caram,+1000,+Pampulha,+BH,+MG?entry=gmail&amp;source=g\">o Caram, 1000, Pampulha, BH, MG<\/a>) e os ingressos promocionais j\u00e1 est\u00e3o dispon\u00edveis por R$ 140,00, com lote limitado, exclusivamente pela plataforma Central dos Eventos.<\/p>\n<p><img src=\"https:\/\/ci3.googleusercontent.com\/meips\/ADKq_NY-rxn1csn0cunugaga7cjrS8_p4oJrftvhdWi8bAQCRQSY5X0vpc4woUJ4SQIMJKz6eIpEcbNg-J-VshETIW7MblBemezXQcfWXW9urHPEUkkmUULLzbsEY_Rkpr3LazKaNrXPBGKzRirL9Ilp60EfGXdVCd822npC7Gle-PtpYfvwo7Fhkcsd2Fp32ZK1JZ3ifmxccYNQRlVjGX8d=s0-d-e1-ft#https:\/\/files.pressmanager.net\/clientes\/67dd844a69e08263976a65f343f9b4e0\/imagens\/2025\/07\/29\/97aaae83f75b2f5ffc3332a70d13dd76_medium.jpg\" alt=\"\" width=\"200\" align=\"right\" hspace=\"10\" vspace=\"10\" \/>Belo Horizonte ficar\u00e1 marcada na hist\u00f3ria por receber um momento inesquec\u00edvel na hist\u00f3ria da m\u00fasica brasileira. Thiaguinho e Belo prometem emocionar o p\u00fablico com shows completos e repletos de energia. O local do evento foi escolhido levando em considera\u00e7\u00e3o a localiza\u00e7\u00e3o e comodidade para o p\u00fablico, na \u00e1rea externa do Mineirinho, estrategicamente ao lado da ic\u00f4nica Lagoa da Pampulha, um dos mais belos cart\u00f5es-postais de Belo Horizonte.<\/p>\n<p>O evento\u00a0 ter\u00e1 setor \u00fanico, proporcionando ao p\u00fablico a experi\u00eancia de curtir os dois shows em uma atmosfera de igualdade e celebra\u00e7\u00e3o. Sem divis\u00f5es de espa\u00e7o, a energia coletiva ser\u00e1 um dos grandes protagonistas da noite, unindo vozes e cora\u00e7\u00f5es em coro com os maiores sucessos dos artistas.<\/p>\n<p>Thiaguinho \u00e9 uma das maiores refer\u00eancias da m\u00fasica brasileira contempor\u00e2nea, conquistando seguidores de todas as idades com sua autenticidade e talento inquestion\u00e1vel. Desde sua ascens\u00e3o mete\u00f3rica com o grupo Exaltasamba, ele transformou o pagode em um dos ritmos mais queridos do Brasil. Em sua carreira solo, grandes sucessos como \u201cAinda Bem\u201d, \u201cOusadia &amp; Alegria\u201d e o projeto \u201cTardezinha\u201d marcaram gera\u00e7\u00f5es, trazendo novos ares ao cen\u00e1rio musical. Sua presen\u00e7a de palco, repleta de carisma e inova\u00e7\u00e3o, \u00e9 a garantia de um espet\u00e1culo \u00e0 altura desse evento hist\u00f3rico.<\/p>\n<p><img src=\"https:\/\/ci3.googleusercontent.com\/meips\/ADKq_NZdcMM6DWgtm0-cF3Uj05M6PpaJl3baKsfFa4xAr9RKK0u6FozGGqGINLP8OQvx5mY6UY2FjZf-88EtF50JbzCpmHzYm6EwuJwXN_z-g6n0cCcB8FuLmLvpKGJX3J3mwJozy_H5rm8Vf9kwKTqMEKqBo9G9p_c0MAfn9ZsM7ERlU4ID33vrgObCtLTWRlvBcDhBBgYkWm9CNpt3qrow=s0-d-e1-ft#https:\/\/files.pressmanager.net\/clientes\/67dd844a69e08263976a65f343f9b4e0\/imagens\/2025\/07\/29\/7ecec7c5ddaa54798c7786f5dde7bb48_medium.jpg\" alt=\"\" width=\"200\" align=\"right\" hspace=\"10\" vspace=\"10\" \/>Belo, dono de uma das vozes mais marcantes do pagode rom\u00e2ntico, tamb\u00e9m promete entregar momentos de pura emo\u00e7\u00e3o. Seu legado art\u00edstico come\u00e7ou com o grupo Soweto, onde cl\u00e1ssicos como \u201cFarol das Estrelas\u201d ganharam vida, e desde ent\u00e3o sua trajet\u00f3ria solo s\u00f3 cresceu com hits como \u201cTua Boca\u201d e o inesquec\u00edvel \u201cEternamente\u201d. Suas interpreta\u00e7\u00f5es emotivas conquistam plateias por onde passa, trazendo uma conex\u00e3o \u00fanica com o p\u00fablico. Em Belo Horizonte, seu repert\u00f3rio promete embalar cora\u00e7\u00f5es.<\/p>\n<\/div>\n","protected":false},"excerpt":{"rendered":"<p>Thiaguinho e Belo &#8211; Divulga\u00e7\u00e3o.\u00a0 Evento hist\u00f3rico acontece no dia 11 de outubro, na \u00e1rea externa do Mineirinho, e os &hellip; <a class=\"more-link\" href=\"https:\/\/jornalnoticiasdopais.com.br\/index.php\/2025\/08\/06\/vendas-abertas-para-o-encontro-do-ano-entre-thiaguinho-e-belo-em-bh\/\">More<\/a><\/p>\n","protected":false},"author":3,"featured_media":441,"comment_status":"open","ping_status":"open","sticky":true,"template":"","format":"standard","meta":[],"categories":[31,17],"tags":[],"_links":{"self":[{"href":"https:\/\/jornalnoticiasdopais.com.br\/index.php\/wp-json\/wp\/v2\/posts\/440"}],"collection":[{"href":"https:\/\/jornalnoticiasdopais.com.br\/index.php\/wp-json\/wp\/v2\/posts"}],"about":[{"href":"https:\/\/jornalnoticiasdopais.com.br\/index.php\/wp-json\/wp\/v2\/types\/post"}],"author":[{"embeddable":true,"href":"https:\/\/jornalnoticiasdopais.com.br\/index.php\/wp-json\/wp\/v2\/users\/3"}],"replies":[{"embeddable":true,"href":"https:\/\/jornalnoticiasdopais.com.br\/index.php\/wp-json\/wp\/v2\/comments?post=440"}],"version-history":[{"count":1,"href":"https:\/\/jornalnoticiasdopais.com.br\/index.php\/wp-json\/wp\/v2\/posts\/440\/revisions"}],"predecessor-version":[{"id":442,"href":"https:\/\/jornalnoticiasdopais.com.br\/index.php\/wp-json\/wp\/v2\/posts\/440\/revisions\/442"}],"wp:featuredmedia":[{"embeddable":true,"href":"https:\/\/jornalnoticiasdopais.com.br\/index.php\/wp-json\/wp\/v2\/media\/441"}],"wp:attachment":[{"href":"https:\/\/jornalnoticiasdopais.com.br\/index.php\/wp-json\/wp\/v2\/media?parent=440"}],"wp:term":[{"taxonomy":"category","embeddable":true,"href":"https:\/\/jornalnoticiasdopais.com.br\/index.php\/wp-json\/wp\/v2\/categories?post=440"},{"taxonomy":"post_tag","embeddable":true,"href":"https:\/\/jornalnoticiasdopais.com.br\/index.php\/wp-json\/wp\/v2\/tags?post=440"}],"curies":[{"name":"wp","href":"https:\/\/api.w.org\/{rel}","templated":true}]}}