{"id":437,"date":"2025-08-06T12:27:24","date_gmt":"2025-08-06T15:27:24","guid":{"rendered":"http:\/\/jornalnoticiasdopais.com.br\/?p=437"},"modified":"2025-08-06T12:27:24","modified_gmt":"2025-08-06T15:27:24","slug":"ore-comigo-2025-celebra-sucesso-com-ingressos-esgotados-tres-semanas-antes-do-evento","status":"publish","type":"post","link":"https:\/\/jornalnoticiasdopais.com.br\/index.php\/2025\/08\/06\/ore-comigo-2025-celebra-sucesso-com-ingressos-esgotados-tres-semanas-antes-do-evento\/","title":{"rendered":"Ore Comigo 2025 celebra sucesso com ingressos esgotados tr\u00eas semanas antes do evento"},"content":{"rendered":"<p><strong>Fernandinho &#8211; Foto: Tamara Nunes.<\/strong><\/p>\n<p style=\"text-align: center;\"><strong><em>Em um marco in\u00e9dito no estado de Minas Gerais, maior festival gospel da Am\u00e9rica Latina vai receber mais de 50 mil pessoas na Arena MRV, em Belo Horizonte<\/em><\/strong><\/p>\n<p>Belo Horizonte se prepara para um evento monumental: a terceira edi\u00e7\u00e3o do Ore Comigo, que acontece na Arena MRV, no dia 23 de agosto. O maior festival gospel da Am\u00e9rica Latina alcan\u00e7ou um feito hist\u00f3rico e in\u00e9dito em Minas Gerais: todos os ingressos se esgotaram com tr\u00eas semanas de anteced\u00eancia. Esse marco impressionante reflete a grandiosidade e a relev\u00e2ncia crescente da iniciativa, que vai acolher uma verdadeira multid\u00e3o de mais de 50 mil pessoas.<\/p>\n<p>Ser\u00e3o 14 grandes nomes do cen\u00e1rio gospel, como, Fernandinho, Andr\u00e9 Valad\u00e3o, Thalles Roberto, Isadora Pompeo e F\u00e1bio Lacerda. \u00a0A programa\u00e7\u00e3o promete um dia repleto de louvor, adora\u00e7\u00e3o e experi\u00eancias transformadoras, voltado para toda a fam\u00edlia. O evento receber\u00e1 ainda outros l\u00edderes e artistas renomados como Pastor Flavinho. Pra. Ezanete Rodrigues, Jeferson &amp; Suellen, Anderson Freire, Helena Tannure, Simone Lacerda e muitos outros.<\/p>\n<p>De acordo com a organiza\u00e7\u00e3o do Ore Comigo, o evento transcende o conceito de um mero espet\u00e1culo. \u201cO festival foi concebido como uma oportunidade de conectar cora\u00e7\u00f5es e transformar vidas. O crescimento exponencial do p\u00fablico e da relev\u00e2ncia do festival a cada ano \u00e9 uma prova viva de que o Evangelho transcende barreiras e tem o poder de reunir pessoas de todas as idades em um s\u00f3 prop\u00f3sito: glorificar a Deus.\u00a0 Os ingressos se esgotaram com tr\u00eas semanas de anteced\u00eancia, o que mostra a for\u00e7a e a f\u00e9 do nosso povo. Teremos mais de 50 mil pessoas na Arena MRV, transformando o festival em um verdadeiro movimento de louvor e adora\u00e7\u00e3o\u201d, disse F\u00e1bio Lacerda, organizador do evento.<\/p>\n<p>O sucesso e a grandiosidade do &#8220;Ore Comigo 2025&#8221; s\u00e3o resultado de parcerias estrat\u00e9gicas com marcas de peso, como a TV Globo (emissora oficial), a Itatiaia (parceira de m\u00eddia), e patrocinadores como Coca-Cola, Crystal, Col\u00e9gio Batista Mineiro, Legalize, Biscoitos Barbieri, Dispel e FrediZaK.<\/p>\n<p>Grava\u00e7\u00e3o de DVD<\/p>\n<p>Pelo terceiro ano consecutivo, o Ore Comigo ser\u00e1 o cen\u00e1rio de uma grava\u00e7\u00e3o hist\u00f3rica de DVD. Nesta edi\u00e7\u00e3o, a responsabilidade e o talento de Thalles Roberto, um dos \u00edcones da m\u00fasica gospel, conduzir\u00e3o este registro que promete alcan\u00e7ar repercuss\u00e3o nacional e internacional. A ess\u00eancia e a mensagem do festival ser\u00e3o propagadas para al\u00e9m das fronteiras, impactando vidas em diversas partes do mundo.<\/p>\n<p>Servi\u00e7o<\/p>\n<p>Ore Comigo 2025<\/p>\n<p>Data:\u00a023 de agosto (s\u00e1bado)<\/p>\n<p>Hor\u00e1rio:\u00a0Abertura dos port\u00f5es \u00e0s 11h | In\u00edcio oficial \u00e0s 13h<\/p>\n<p>Local:\u00a0Arena MRV &#8211;\u00a0Rua Cristina Maria de Assis, 410, bairro Calif\u00f3rnia, Belo Horizonte, MG<\/p>\n<p>Atra\u00e7\u00f5es confirmadas:<\/p>\n<p>Pastor Flavinho<\/p>\n<p>Isadora Pompeo<\/p>\n<p>Pra. Ezanete Rodrigues<\/p>\n<p>Andr\u00e9 Valad\u00e3o<\/p>\n<p>Thalles Roberto<\/p>\n<p>Fernandinho<\/p>\n<p>Jeferson &amp; Suellen<\/p>\n<p>Anderson Freire<\/p>\n<p>F\u00e1bio Lacerda<\/p>\n<p>Helena Tannure<\/p>\n<p>Chepe Putzu<\/p>\n<p>Deive Leonardo<\/p>\n<p>Simone Lacerda<\/p>\n<p>Camila Campos<\/p>\n<p>Classifica\u00e7\u00e3o:\u00a0Livre. Menores de 14 anos somente acompanhados por um respons\u00e1vel legal.<\/p>\n<p>Instagram oficial:\u00a0@orecomigobr<\/p>\n<p>INGRESSOS ESGOTADOS<\/p>\n","protected":false},"excerpt":{"rendered":"<p>Fernandinho &#8211; Foto: Tamara Nunes. Em um marco in\u00e9dito no estado de Minas Gerais, maior festival gospel da Am\u00e9rica Latina &hellip; <a class=\"more-link\" href=\"https:\/\/jornalnoticiasdopais.com.br\/index.php\/2025\/08\/06\/ore-comigo-2025-celebra-sucesso-com-ingressos-esgotados-tres-semanas-antes-do-evento\/\">More<\/a><\/p>\n","protected":false},"author":3,"featured_media":438,"comment_status":"open","ping_status":"open","sticky":true,"template":"","format":"standard","meta":[],"categories":[17,7],"tags":[],"_links":{"self":[{"href":"https:\/\/jornalnoticiasdopais.com.br\/index.php\/wp-json\/wp\/v2\/posts\/437"}],"collection":[{"href":"https:\/\/jornalnoticiasdopais.com.br\/index.php\/wp-json\/wp\/v2\/posts"}],"about":[{"href":"https:\/\/jornalnoticiasdopais.com.br\/index.php\/wp-json\/wp\/v2\/types\/post"}],"author":[{"embeddable":true,"href":"https:\/\/jornalnoticiasdopais.com.br\/index.php\/wp-json\/wp\/v2\/users\/3"}],"replies":[{"embeddable":true,"href":"https:\/\/jornalnoticiasdopais.com.br\/index.php\/wp-json\/wp\/v2\/comments?post=437"}],"version-history":[{"count":1,"href":"https:\/\/jornalnoticiasdopais.com.br\/index.php\/wp-json\/wp\/v2\/posts\/437\/revisions"}],"predecessor-version":[{"id":439,"href":"https:\/\/jornalnoticiasdopais.com.br\/index.php\/wp-json\/wp\/v2\/posts\/437\/revisions\/439"}],"wp:featuredmedia":[{"embeddable":true,"href":"https:\/\/jornalnoticiasdopais.com.br\/index.php\/wp-json\/wp\/v2\/media\/438"}],"wp:attachment":[{"href":"https:\/\/jornalnoticiasdopais.com.br\/index.php\/wp-json\/wp\/v2\/media?parent=437"}],"wp:term":[{"taxonomy":"category","embeddable":true,"href":"https:\/\/jornalnoticiasdopais.com.br\/index.php\/wp-json\/wp\/v2\/categories?post=437"},{"taxonomy":"post_tag","embeddable":true,"href":"https:\/\/jornalnoticiasdopais.com.br\/index.php\/wp-json\/wp\/v2\/tags?post=437"}],"curies":[{"name":"wp","href":"https:\/\/api.w.org\/{rel}","templated":true}]}}