{"id":424,"date":"2025-05-28T11:10:27","date_gmt":"2025-05-28T14:10:27","guid":{"rendered":"http:\/\/jornalnoticiasdopais.com.br\/?p=424"},"modified":"2025-05-28T11:11:07","modified_gmt":"2025-05-28T14:11:07","slug":"tendencias-do-mercado-imobiliario-mineiro-em-2025-o-que-esperar-para-o-segundo-semestre","status":"publish","type":"post","link":"https:\/\/jornalnoticiasdopais.com.br\/index.php\/2025\/05\/28\/tendencias-do-mercado-imobiliario-mineiro-em-2025-o-que-esperar-para-o-segundo-semestre\/","title":{"rendered":"Tend\u00eancias do mercado imobili\u00e1rio mineiro em 2025: o que esperar para o segundo semestre?"},"content":{"rendered":"<p dir=\"ltr\" style=\"text-align: center;\"><strong><em><span style=\"vertical-align: inherit;\"><span style=\"vertical-align: inherit;\">Com presen\u00e7a estrat\u00e9gica em BH, M\u00edrian Dayrell Im\u00f3veis aponta os principais movimentos e oportunidades no setor residencial e comercial para os pr\u00f3ximos meses<\/span><\/span><\/em><\/strong><\/p>\n<p dir=\"ltr\"><span style=\"vertical-align: inherit;\"><span style=\"vertical-align: inherit;\">O mercado imobili\u00e1rio mineiro vive um momento de amadurecimento e consolida\u00e7\u00e3o em 2025. Depois de anos marcados pela recupera\u00e7\u00e3o econ\u00f4mica e pela transforma\u00e7\u00e3o no perfil dos consumidores, o setor segue aquecido \u2014 especialmente nas regi\u00f5es Centro-Sul, Leste e Nordeste de Belo Horizonte. A expectativa para o segundo semestre \u00e9 de estabilidade com n\u00edvel de crescimento, impulsionada por fatores como demanda ocasionada por im\u00f3veis residenciais com \u00e1reas de lazer e teletrabalho, e um interesse crescente de investidores de fora do estado.<\/span><\/span><\/p>\n<p dir=\"ltr\"><span style=\"vertical-align: inherit;\"><span style=\"vertical-align: inherit;\">Com mais de duas d\u00e9cadas de experi\u00eancia e forte presen\u00e7a em bairros como Sion, Anchieta, Cruzeiro, Carmo, Funcion\u00e1rios e Cidade Nova, a M\u00edrian Dayrell Im\u00f3veis tem acompanhado de perto as transforma\u00e7\u00f5es do setor e mapeado os novos desejos do consumidor. Segundo Cristiano Carvalho, diretor comercial da empresa, o comportamento do comprador mudou: &#8220;As pessoas s\u00e3o mais exigentes, bem informadas e conectadas. Querem praticidade, conforto e, principalmente, seguran\u00e7a nas negocia\u00e7\u00f5es. Por isso, buscamos entregar uma experi\u00eancia consultiva, com apoio jur\u00eddico, an\u00e1lise de descobertas e atendimento personalizado em todas as etapas.&#8221;<\/span><\/span><\/p>\n<h3 dir=\"ltr\"><span style=\"vertical-align: inherit;\"><span style=\"vertical-align: inherit;\">Perfil dos im\u00f3veis mais procurados<\/span><\/span><\/h3>\n<p dir=\"ltr\"><span style=\"vertical-align: inherit;\"><span style=\"vertical-align: inherit;\">Varanda gourmet, espa\u00e7os integrados, home office e \u00e1reas de lazer continuam entre os itens mais valorizados pelos compradores e locat\u00e1rios. &#8220;Essa prefer\u00eancia j\u00e1 vem desde a pandemia, mas se consolida como tend\u00eancia permanente. O cliente quer qualidade de vida dentro de casa&#8221;, explica Adriano C\u00e1ssio, s\u00f3cio fundador da M\u00edrian Dayrell Im\u00f3veis.<\/span><\/span><\/p>\n<p dir=\"ltr\"><span style=\"vertical-align: inherit;\"><span style=\"vertical-align: inherit;\">No caso de investidores, im\u00f3veis com boa liquidez e potencial de valoriza\u00e7\u00e3o como prioridade. &#8220;A procura por apartamentos compactos em regi\u00f5es centrais e im\u00f3veis comerciais adapt\u00e1veis \u200b\u200btem crescido. Muitos investidores est\u00e3o preocupados com a possibilidade de rentabilizar com loca\u00e7\u00f5es residenciais, comerciais ou por temporada&#8221;, completa o especialista.<\/span><\/span><\/p>\n<h3 dir=\"ltr\"><span style=\"vertical-align: inherit;\"><span style=\"vertical-align: inherit;\">Expectativas para o segundo semestre de 2025<\/span><\/span><\/h3>\n<ul>\n<li dir=\"ltr\">\n<p dir=\"ltr\" role=\"presentation\"><span style=\"vertical-align: inherit;\"><span style=\"vertical-align: inherit;\">Crescimento moderado no volume de vendas e loca\u00e7\u00f5es<\/span><\/span><\/p>\n<\/li>\n<li dir=\"ltr\">\n<p dir=\"ltr\" role=\"presentation\"><span style=\"vertical-align: inherit;\"><span style=\"vertical-align: inherit;\">Valoriza\u00e7\u00e3o cont\u00ednua de im\u00f3veis bem localizados com diferenciais de conforto e seguran\u00e7a<\/span><\/span><\/p>\n<\/li>\n<li dir=\"ltr\">\n<p dir=\"ltr\" role=\"presentation\"><span style=\"vertical-align: inherit;\"><span style=\"vertical-align: inherit;\">Maior procura por solu\u00e7\u00f5es integradas, como consultoria jur\u00eddica e avalia\u00e7\u00e3o de documenta\u00e7\u00e3o<\/span><\/span><\/p>\n<\/li>\n<li dir=\"ltr\">\n<p dir=\"ltr\" role=\"presentation\"><span style=\"vertical-align: inherit;\"><span style=\"vertical-align: inherit;\">Investidores de outros estados espec\u00edficos em im\u00f3veis em BH, devido \u00e0 valoriza\u00e7\u00e3o e qualidade urbana da cidade<\/span><\/span><\/p>\n<\/li>\n<li dir=\"ltr\">\n<p dir=\"ltr\" role=\"presentation\"><span style=\"vertical-align: inherit;\"><span style=\"vertical-align: inherit;\">Foco em inova\u00e7\u00e3o e atendimento humanizado como diferenciais competitivos<\/span><\/span><\/p>\n<\/li>\n<\/ul>\n<p dir=\"ltr\"><span style=\"vertical-align: inherit;\"><span style=\"vertical-align: inherit;\">Para quem deseja comprar, vender ou alugar com seguran\u00e7a e suporte completo, a recomenda\u00e7\u00e3o \u00e9 buscar empresas s\u00e9rias e com hist\u00f3rico de atua\u00e7\u00e3o local. &#8220;N\u00e3o se trata apenas de fechar um contrato, \u00e9 uma escolha que impacta diretamente na vida das pessoas. Por isso, nosso compromisso \u00e9 com um atendimento humano, \u00e9tico e transparente&#8221;, refor\u00e7a Adriano.<\/span><\/span><\/p>\n<p>&nbsp;<\/p>\n<p dir=\"ltr\"><span style=\"vertical-align: inherit;\"><span style=\"vertical-align: inherit;\">Fontes: Cristiano Alves Carvalho \u2013 Diretor Comercial da M\u00edrian Dayrell Im\u00f3veis. Executivo com mais de 25 anos de experi\u00eancia em gest\u00e3o comercial, lideran\u00e7a de equipes e desenvolvimento estrat\u00e9gico nos setores financeiro e imobili\u00e1rio. \/ Adriano C\u00e1ssio Sampaio da Silva \u2013 S\u00f3cio fundador da M\u00edrian Dayrell Im\u00f3veis. Empres\u00e1rio com mais de 30 anos de atua\u00e7\u00e3o no mercado imobili\u00e1rio. Especialista em processos comerciais, jur\u00eddicos e avalia\u00e7\u00e3o de im\u00f3veis.<\/span><\/span><\/p>\n","protected":false},"excerpt":{"rendered":"<p>Com presen\u00e7a estrat\u00e9gica em BH, M\u00edrian Dayrell Im\u00f3veis aponta os principais movimentos e oportunidades no setor residencial e comercial para &hellip; <a class=\"more-link\" href=\"https:\/\/jornalnoticiasdopais.com.br\/index.php\/2025\/05\/28\/tendencias-do-mercado-imobiliario-mineiro-em-2025-o-que-esperar-para-o-segundo-semestre\/\">More<\/a><\/p>\n","protected":false},"author":3,"featured_media":425,"comment_status":"open","ping_status":"open","sticky":true,"template":"","format":"standard","meta":[],"categories":[31,19,7],"tags":[],"_links":{"self":[{"href":"https:\/\/jornalnoticiasdopais.com.br\/index.php\/wp-json\/wp\/v2\/posts\/424"}],"collection":[{"href":"https:\/\/jornalnoticiasdopais.com.br\/index.php\/wp-json\/wp\/v2\/posts"}],"about":[{"href":"https:\/\/jornalnoticiasdopais.com.br\/index.php\/wp-json\/wp\/v2\/types\/post"}],"author":[{"embeddable":true,"href":"https:\/\/jornalnoticiasdopais.com.br\/index.php\/wp-json\/wp\/v2\/users\/3"}],"replies":[{"embeddable":true,"href":"https:\/\/jornalnoticiasdopais.com.br\/index.php\/wp-json\/wp\/v2\/comments?post=424"}],"version-history":[{"count":2,"href":"https:\/\/jornalnoticiasdopais.com.br\/index.php\/wp-json\/wp\/v2\/posts\/424\/revisions"}],"predecessor-version":[{"id":427,"href":"https:\/\/jornalnoticiasdopais.com.br\/index.php\/wp-json\/wp\/v2\/posts\/424\/revisions\/427"}],"wp:featuredmedia":[{"embeddable":true,"href":"https:\/\/jornalnoticiasdopais.com.br\/index.php\/wp-json\/wp\/v2\/media\/425"}],"wp:attachment":[{"href":"https:\/\/jornalnoticiasdopais.com.br\/index.php\/wp-json\/wp\/v2\/media?parent=424"}],"wp:term":[{"taxonomy":"category","embeddable":true,"href":"https:\/\/jornalnoticiasdopais.com.br\/index.php\/wp-json\/wp\/v2\/categories?post=424"},{"taxonomy":"post_tag","embeddable":true,"href":"https:\/\/jornalnoticiasdopais.com.br\/index.php\/wp-json\/wp\/v2\/tags?post=424"}],"curies":[{"name":"wp","href":"https:\/\/api.w.org\/{rel}","templated":true}]}}