{"id":421,"date":"2025-05-27T12:59:20","date_gmt":"2025-05-27T15:59:20","guid":{"rendered":"http:\/\/jornalnoticiasdopais.com.br\/?p=421"},"modified":"2025-05-27T12:59:20","modified_gmt":"2025-05-27T15:59:20","slug":"ex-barao-vermelho-rodrigo-santos-comanda-a-festa-rock-no-madalena-em-bh","status":"publish","type":"post","link":"https:\/\/jornalnoticiasdopais.com.br\/index.php\/2025\/05\/27\/ex-barao-vermelho-rodrigo-santos-comanda-a-festa-rock-no-madalena-em-bh\/","title":{"rendered":"Ex-Bar\u00e3o Vermelho Rodrigo Santos comanda a Festa Rock no Madalena, em BH"},"content":{"rendered":"<p><strong>Rodrigo Santos &#8211; Divulga\u00e7\u00e3o.<\/strong><\/p>\n<p>&nbsp;<\/p>\n<p style=\"text-align: center;\"><strong><i>O rockeiro convida Bauxita, Maurinho Berrodagua e Gleyson Fonseca para tr\u00eas noites muito animadas nesta semana no Santa Tereza<\/i><\/strong><\/p>\n<p>&nbsp;<\/p>\n<p>Quem curte rock nacional pode comemorar, pois o Rodrigo Santos, ex-baixista do Bar\u00e3o Vermelho, vai trazer \u00a0para Belo Horizonte, nos dias 29, 30 e 31 de maio, o show &#8220;A FESTA ROCK&#8221; no Madalena (<a href=\"https:\/\/www.google.com\/maps\/search\/Rua+Silvian+polis,+328?entry=gmail&amp;source=g\">Rua Silvian<\/a>\u00f3<a href=\"https:\/\/www.google.com\/maps\/search\/Rua+Silvian+polis,+328?entry=gmail&amp;source=g\">polis, 328<\/a>, no bairro Santa Tereza, Belo Horizonte, MG). O evento contar\u00e1 com as participa\u00e7\u00f5es especiais de Bauxita, Gleyson Fonseca (Carne Nua) e Maurinho Berrodagua (ex-Tianast\u00e1cia). Os ingressos est\u00e3o \u00e0 venda por meio da plataforma Gofree.<\/p>\n<p><img src=\"https:\/\/ci3.googleusercontent.com\/meips\/ADKq_NbBAeh1LCEnjVtdm3-8FskHBRUNiD773nHk7OoNxFcByiMmo14s0zqjMzLLSyKr8m2ayZXAOrV6Kq9nm-WNedpmF6cX_pZJ2QAHl625yTW5lh2IfWsHd16oaIkbXAYgUsw5lUhMzRoikEQ8vdiRo8ZI-64h3XPZM3F7HAtzY10uskGk8yUqUzUTdd1oYZ6XPZs-SaiwSyxf0my1tD3G=s0-d-e1-ft#https:\/\/files.pressmanager.net\/clientes\/67dd844a69e08263976a65f343f9b4e0\/imagens\/2025\/05\/27\/c902d380698207f488a42a91a34d876e_medium.jpg\" alt=\"\" width=\"200\" align=\"right\" hspace=\"10\" vspace=\"10\" \/>O p\u00fablico pode esperar apresenta\u00e7\u00f5es animadas que revisitam sucessos de bandas que j\u00e1 teve Rodrigo Santos como integrante, como Kid Abelha, Blitz, Jo\u00e3o Penca, al\u00e9m de Lob\u00e3o e L\u00e9o Jaime, com quem o artista acompanhou e gravou discos. As noites contar\u00e3o ainda com homenagens aos \u00edcones Legi\u00e3o Urbana e Skank.<\/p>\n<p>A iniciativa promove uma a\u00e7\u00e3o solid\u00e1ria em parceria com a Campanha do Agasalho 2025 do Servas, oferecendo descontos na compra de ingressos mediante a doa\u00e7\u00e3o de agasalhos na entrada do Madalena. Nos dias de realiza\u00e7\u00e3o do evento, o local ser\u00e1 ponto de coleta de cobertores, roupas de cama, agasalhos, cal\u00e7ados e outros itens em bom estado de conserva\u00e7\u00e3o. As doa\u00e7\u00f5es n\u00e3o abrangem artigos danificados ou de m\u00e1 qualidade, como roupas furadas e sapatos incompletos.<\/p>\n<p>Vendas online:\u00a0<a href=\"https:\/\/eventos.gofree.co\/rodrigo-santos-no-madalena_35826\/\" target=\"_blank\" rel=\"noopener noreferrer\" data-saferedirecturl=\"https:\/\/www.google.com\/url?q=https:\/\/eventos.gofree.co\/rodrigo-santos-no-madalena_35826\/&amp;source=gmail&amp;ust=1748445218249000&amp;usg=AOvVaw3DoOAMOI5tLfKmBhCna2Md\">https:\/\/eventos.gofree.co\/<wbr \/>rodrigo-santos-no-madalena_<wbr \/>35826\/<\/a><\/p>\n<p><strong>Madalena<\/strong><\/p>\n<p>Inspirado na energia bo\u00eamia da Vila Madalena, em S\u00e3o Paulo, e no rico legado cultural de Santa Tereza, ber\u00e7o do Clube da Esquina, Skank e Sepultura, o Madalena apresenta dois pavimentos independentes e interligados, cheios de personalidade. No primeiro andar, um palco exclusivo recebe shows intimistas de artistas nacionais e internacionais para um p\u00fablico de at\u00e9 300 pessoas por noite, cercado por uma decora\u00e7\u00e3o assinada pela Heineken e murais do artista Pedro Couto. O segundo andar abriga o restaurante, com capacidade para 100 pessoas, menu exclusivo desenvolvido pelo chef Vitor Rabelo, e uma vista privilegiada para a Serra do Curral. O espa\u00e7o inclui ainda a Gallery Wall, onde artistas pl\u00e1sticos expor\u00e3o mensalmente suas obras, proporcionando uma verdadeira imers\u00e3o art\u00edstica e sensorial.<\/p>\n<p><img src=\"https:\/\/ci3.googleusercontent.com\/meips\/ADKq_Na187_Oe7xWzmc_yBVn4-spYdS5TMaSJxhSikClf063PuxBuHDBGi9JAt38CxvbwQG3vyBA4WyHeq9CjhQB4_aktPBYC_EjJKOp_hdg8DlV3pqd9-X7kobDWsLZAU3cQKONhPdz1bhXuDYluOY5jICkC6JoMuqVJLd9rvm7g4cYzFN69nx3txNlidzCEWNCHVEgiikt94CDp6DocxNy=s0-d-e1-ft#https:\/\/files.pressmanager.net\/clientes\/67dd844a69e08263976a65f343f9b4e0\/imagens\/2025\/04\/29\/5059f376f47674c433813efa9b7e0d46_medium.jpg\" alt=\"\" width=\"200\" align=\"right\" hspace=\"10\" vspace=\"10\" \/>No quesito bebidas, o Madalena oferece um seleto portf\u00f3lio de r\u00f3tulos com cervejas e chopps Heineken, Amstel, Lagunitas, Eisenbahn, Praya e Blue Moon \u2014 e uma variedade de op\u00e7\u00f5es n\u00e3o alco\u00f3licas, como Coca-Cola, FYS e Red Bull. Para quem aprecia drinks criativos, a parceria com a Pernod Ricard garante uma carta especial de coquet\u00e9is, ricos em cores, aromas e sabores originais.<\/p>\n<p><strong>Gastronomia mineira de excel\u00eancia<\/strong><\/p>\n<p>O restaurante do Madalena surpreende com um menu que valoriza os cl\u00e1ssicos mineiros em releituras sofisticadas elaboradas pelo chef Vitor Rabelo. Petiscos, salada, hamb\u00fargueres e pratos principais servidos em panelinhas se harmonizam com uma carta de bebidas especial, que inclui r\u00f3tulos como The Macallan, Absolut, Ballantine\u2019s, Chivas Regal e Blue Moon.<\/p>\n<p><strong>Arte e experi\u00eancias sensoriais<\/strong><\/p>\n<p>Mais do que m\u00fasica e gastronomia, o Madalena se dedica \u00e0 arte. A Gallery Wall trar\u00e1 a cada m\u00eas exposi\u00e7\u00f5es de diferentes artistas pl\u00e1sticos, completando a proposta de uma experi\u00eancia sensorial total \u2014 sons, sabores e visuais que evocam afetos e criam lembran\u00e7as \u00fanicas.<\/p>\n<p><strong>Servi\u00e7o:<\/strong><\/p>\n<p><strong>Festa Rock \u2013 Rodrigo Santos convida Bauxita, Maurinho Berrodagua e Gleyson Fonseca<\/strong><\/p>\n<p><strong>Datas<\/strong>: 29, 30 e 31 de maio (quinta a s\u00e1bado)<\/p>\n<p><strong>Hor\u00e1rio<\/strong>: abertura da casa \u00e0s 20h. In\u00edcio dos shows \u00e0s 22h (quinta e s\u00e1bado) e 23h (sexta-feira).<\/p>\n<p><strong>Exposi\u00e7\u00e3o<\/strong>: Pedro Couto (restrito ao ambiente do restaurante)<\/p>\n<p><strong>Garantia da reserva:<\/strong>\u00a0as reservas de mesas e lugares individuais na ilha central s\u00e3o asseguradas at\u00e9 o hor\u00e1rio limite das 21h.<\/p>\n<p><strong>Endere\u00e7o:<\/strong>\u00a0<a href=\"https:\/\/www.google.com\/maps\/search\/Rua+Silvian+polis,+328++Santa+Tereza++Belo+Horizonte%2FMG?entry=gmail&amp;source=g\">Rua Silvian<\/a>\u00f3<a href=\"https:\/\/www.google.com\/maps\/search\/Rua+Silvian+polis,+328++Santa+Tereza++Belo+Horizonte%2FMG?entry=gmail&amp;source=g\">polis, 328\u00a0<\/a>\u2013\u00a0<a href=\"https:\/\/www.google.com\/maps\/search\/Rua+Silvian+polis,+328++Santa+Tereza++Belo+Horizonte%2FMG?entry=gmail&amp;source=g\">Santa Tereza\u00a0<\/a>\u2013\u00a0<a href=\"https:\/\/www.google.com\/maps\/search\/Rua+Silvian+polis,+328++Santa+Tereza++Belo+Horizonte%2FMG?entry=gmail&amp;source=g\">Belo Horizonte\/MG<\/a><\/p>\n<p><strong>Funcionamento:<\/strong>\u00a0quinta-feira, sexta-feira e s\u00e1bado \u00e0s 20h<\/p>\n<p><strong>Telefone de contato:<\/strong>\u00a0(31) 99699-1668<\/p>\n<p><strong>E-mail:<\/strong>\u00a0<a href=\"mailto:contato@madalenabh.com.br\" target=\"_blank\" rel=\"noopener noreferrer\">contato@madalenabh.com.br<\/a><\/p>\n<p><strong>Instagram:<\/strong>\u00a0@<a href=\"http:\/\/madalena.bh\/\" target=\"_blank\" rel=\"noopener noreferrer\" data-saferedirecturl=\"https:\/\/www.google.com\/url?q=http:\/\/madalena.bh&amp;source=gmail&amp;ust=1748445218250000&amp;usg=AOvVaw3oRF5ry5PQ8IA4NltLLZEQ\">madalena.bh<\/a><\/p>\n<p><strong>Ingressos e reservas:\u00a0<\/strong><a href=\"https:\/\/eventos.gofree.co\/rodrigo-santos-no-madalena_35826\/\" target=\"_blank\" rel=\"noopener noreferrer\" data-saferedirecturl=\"https:\/\/www.google.com\/url?q=https:\/\/eventos.gofree.co\/rodrigo-santos-no-madalena_35826\/&amp;source=gmail&amp;ust=1748445218250000&amp;usg=AOvVaw0chtPDKIpCxh0CKnEGrmzn\"><strong>https:\/\/eventos.gofree.co\/<wbr \/>rodrigo-santos-no-madalena_<wbr \/>35826\/<\/strong><\/a><\/p>\n<p><strong>Classifica\u00e7\u00e3o et\u00e1ria<\/strong>: 18 anos<\/p>\n","protected":false},"excerpt":{"rendered":"<p>Rodrigo Santos &#8211; Divulga\u00e7\u00e3o. &nbsp; O rockeiro convida Bauxita, Maurinho Berrodagua e Gleyson Fonseca para tr\u00eas noites muito animadas nesta &hellip; <a class=\"more-link\" href=\"https:\/\/jornalnoticiasdopais.com.br\/index.php\/2025\/05\/27\/ex-barao-vermelho-rodrigo-santos-comanda-a-festa-rock-no-madalena-em-bh\/\">More<\/a><\/p>\n","protected":false},"author":3,"featured_media":422,"comment_status":"open","ping_status":"open","sticky":true,"template":"","format":"standard","meta":[],"categories":[17],"tags":[],"_links":{"self":[{"href":"https:\/\/jornalnoticiasdopais.com.br\/index.php\/wp-json\/wp\/v2\/posts\/421"}],"collection":[{"href":"https:\/\/jornalnoticiasdopais.com.br\/index.php\/wp-json\/wp\/v2\/posts"}],"about":[{"href":"https:\/\/jornalnoticiasdopais.com.br\/index.php\/wp-json\/wp\/v2\/types\/post"}],"author":[{"embeddable":true,"href":"https:\/\/jornalnoticiasdopais.com.br\/index.php\/wp-json\/wp\/v2\/users\/3"}],"replies":[{"embeddable":true,"href":"https:\/\/jornalnoticiasdopais.com.br\/index.php\/wp-json\/wp\/v2\/comments?post=421"}],"version-history":[{"count":1,"href":"https:\/\/jornalnoticiasdopais.com.br\/index.php\/wp-json\/wp\/v2\/posts\/421\/revisions"}],"predecessor-version":[{"id":423,"href":"https:\/\/jornalnoticiasdopais.com.br\/index.php\/wp-json\/wp\/v2\/posts\/421\/revisions\/423"}],"wp:featuredmedia":[{"embeddable":true,"href":"https:\/\/jornalnoticiasdopais.com.br\/index.php\/wp-json\/wp\/v2\/media\/422"}],"wp:attachment":[{"href":"https:\/\/jornalnoticiasdopais.com.br\/index.php\/wp-json\/wp\/v2\/media?parent=421"}],"wp:term":[{"taxonomy":"category","embeddable":true,"href":"https:\/\/jornalnoticiasdopais.com.br\/index.php\/wp-json\/wp\/v2\/categories?post=421"},{"taxonomy":"post_tag","embeddable":true,"href":"https:\/\/jornalnoticiasdopais.com.br\/index.php\/wp-json\/wp\/v2\/tags?post=421"}],"curies":[{"name":"wp","href":"https:\/\/api.w.org\/{rel}","templated":true}]}}