{"id":418,"date":"2025-05-21T10:41:19","date_gmt":"2025-05-21T13:41:19","guid":{"rendered":"http:\/\/jornalnoticiasdopais.com.br\/?p=418"},"modified":"2025-05-27T10:42:03","modified_gmt":"2025-05-27T13:42:03","slug":"conceicao-do-mato-dentro-recebe-projeto-de-cinema-gratuito-neste-sabado","status":"publish","type":"post","link":"https:\/\/jornalnoticiasdopais.com.br\/index.php\/2025\/05\/21\/conceicao-do-mato-dentro-recebe-projeto-de-cinema-gratuito-neste-sabado\/","title":{"rendered":"Concei\u00e7\u00e3o do Mato Dentro recebe projeto de\u00a0cinema\u00a0gratuito neste s\u00e1bado"},"content":{"rendered":"<p style=\"text-align: center;\"><strong><em>Realizado pelo Instituto Jo\u00e3o Ayres, o projeto\u00a0Uma\u00a0Noite\u00a0de\u00a0Cinema\u00a0na Sua Cidade exibir\u00e1 o longa-metragem \u201cDivertidamente 2\u201d e produ\u00e7\u00f5es audiovisuais mineiras<\/em><\/strong><\/p>\n<p>A cidade mineira de Concei\u00e7\u00e3o do Mato Dentro recebe o projeto\u00a0\u201cUma\u00a0Noite\u00a0de\u00a0Cinema\u00a0Na Sua Cidade\u201d nesta semana.\u00a0A iniciativa, realizada pelo\u00a0Instituto Jo\u00e3o Ayres, com o apoio da Lei Rouanet, vai exibir o filme\u00a0premiado filme Divertidamente 2 (Inside Out) da Disney-Pixar, al\u00e9m de curtas mineiros que valorizam a produ\u00e7\u00e3o audiovisual local. Com pipoca e estrutura completa de som e imagem, a iniciativa promove uma experi\u00eancia cultural acolhedora para fam\u00edlias, crian\u00e7as, jovens e idosos. A sess\u00e3o gratuita vai acontecer neste s\u00e1bado, 24 de maio, 19h, na Rua Firmino Portela, entre a Escola Municipal Ouro Fino e a UBS.<\/p>\n<p>&nbsp;<\/p>\n<p><img loading=\"lazy\" class=\"wp-image-276692 aligncenter\" src=\"https:\/\/pordentrodeminas.com.br\/wp-content\/uploads\/2025\/05\/conceicao.jpeg\" alt=\"\" width=\"500\" height=\"500\" \/><\/p>\n<p>&nbsp;<\/p>\n<p>&nbsp;<\/p>\n<p>\u201cCom o intuito de apresentar a divers\u00e3o e o lazer dos cinemas a locais que n\u00e3o disp\u00f5e dessa arte, o projeto\u00a0Uma\u00a0Noite\u00a0de\u00a0Cinema\u00a0na Sua Cidade viabiliza\u00a0uma\u00a0megaestrutura que \u00e9 montada em espa\u00e7os p\u00fablicos, com projetor de alta defini\u00e7\u00e3o, tel\u00f5es, cadeiras e at\u00e9 pipoca, a fim de proporcionar a emo\u00e7\u00e3o de\u00a0uma\u00a0boa experi\u00eancia ao p\u00fablico\u201d, explica Airam Resende, produtor do projeto.<\/p>\n<p>Sinopse do filme<\/p>\n<p>Divertidamente 2 marca a sequ\u00eancia da famosa hist\u00f3ria de Riley (Kaitlyn Dias). Com um salto temporal, a garota agora se encontra mais velha, com 13 anos de idade, passando pela t\u00e3o temida pr\u00e9-adolesc\u00eancia. Junto com o amadurecimento, a sala de controle mental da jovem tamb\u00e9m est\u00e1 passando por uma demoli\u00e7\u00e3o para dar lugar a algo totalmente inesperado: novas emo\u00e7\u00f5es. As j\u00e1 conhecidas, Alegria (Amy Poehler), Tristeza (Phyllis Smith), Raiva (Lewis Black), Medo (Tony Hale) e Nojinho (Liza Lapira), que desde quando Riley \u00e9 beb\u00ea, eles predominam a central de controle da garota em uma opera\u00e7\u00e3o bem-sucedida, tendo algumas falhas no percurso como foi apresentado no primeiro filme. As antigas emo\u00e7\u00f5es n\u00e3o t\u00eam certeza de como se sentir e com agir quando novos inquilinos chegam ao local, sendo um deles a t\u00e3o temida Ansiedade (Maya Hawke). Inveja (Ayo Edebiri), T\u00e9dio (Ad\u00e8le Exarchopoulos) e Vergonha (Paul Walter Hauser) integrar\u00e3o juntos com a Ansiedade na mente de Riley, assim como a Nostalgia (June Squibb) que aparecer\u00e1 tamb\u00e9m.<\/p>\n<p>Sobre o Instituto Jo\u00e3o Ayres<\/p>\n<p>O Instituto Jo\u00e3o Ayres (IJA) \u00e9\u00a0uma\u00a0associa\u00e7\u00e3o sem fins lucrativos fundada em 2006, na cidade de Belo Horizonte. O IJA busca em todos os seus projetos de difus\u00e3o a forma\u00e7\u00e3o de plateia, democratizando o acesso e promovendo a conscientiza\u00e7\u00e3o e valoriza\u00e7\u00e3o da produ\u00e7\u00e3o art\u00edstica de grupos e artistas locais.<\/p>\n<p>O Instituto Jo\u00e3o Ayres atua em distintas frentes: assessoramento, elabora\u00e7\u00e3o, concep\u00e7\u00e3o, formata\u00e7\u00e3o, planejamento, capta\u00e7\u00e3o de recursos, gest\u00e3o, produ\u00e7\u00e3o e presta\u00e7\u00e3o de contas de projetos culturais, sociais, esportivos, educacionais e tur\u00edsticos.<\/p>\n<p>Servi\u00e7o:<\/p>\n<p>Projeto\u00a0Uma\u00a0Noite\u00a0de\u00a0Cinema\u00a0na Sua Cidade<\/p>\n<p>Exibi\u00e7\u00e3o:\u00a0Divertidamente 2 e curtas mineiros<\/p>\n<p>Data:\u00a024 de maio, s\u00e1bado<\/p>\n<p>Hor\u00e1rio:\u00a019h<\/p>\n<p>Local:\u00a0Rua Firmino Portela, entre a Escola Municipal Ouro Fino e a UBS.<\/p>\n<p>Entrada:\u00a0gratuita<\/p>\n<p>Realiza\u00e7\u00e3o:\u00a0Instituto Jo\u00e3o Ayres<\/p>\n<p>O projeto \u00e9 realizado com o apoio da Lei Federal de Incentivo \u00e0 Cultura (Lei Rouanet), atrav\u00e9s do PRONAC 2317438.<\/p>\n","protected":false},"excerpt":{"rendered":"<p>Realizado pelo Instituto Jo\u00e3o Ayres, o projeto\u00a0Uma\u00a0Noite\u00a0de\u00a0Cinema\u00a0na Sua Cidade exibir\u00e1 o longa-metragem \u201cDivertidamente 2\u201d e produ\u00e7\u00f5es audiovisuais mineiras A cidade &hellip; <a class=\"more-link\" href=\"https:\/\/jornalnoticiasdopais.com.br\/index.php\/2025\/05\/21\/conceicao-do-mato-dentro-recebe-projeto-de-cinema-gratuito-neste-sabado\/\">More<\/a><\/p>\n","protected":false},"author":3,"featured_media":419,"comment_status":"open","ping_status":"open","sticky":true,"template":"","format":"standard","meta":[],"categories":[17],"tags":[],"_links":{"self":[{"href":"https:\/\/jornalnoticiasdopais.com.br\/index.php\/wp-json\/wp\/v2\/posts\/418"}],"collection":[{"href":"https:\/\/jornalnoticiasdopais.com.br\/index.php\/wp-json\/wp\/v2\/posts"}],"about":[{"href":"https:\/\/jornalnoticiasdopais.com.br\/index.php\/wp-json\/wp\/v2\/types\/post"}],"author":[{"embeddable":true,"href":"https:\/\/jornalnoticiasdopais.com.br\/index.php\/wp-json\/wp\/v2\/users\/3"}],"replies":[{"embeddable":true,"href":"https:\/\/jornalnoticiasdopais.com.br\/index.php\/wp-json\/wp\/v2\/comments?post=418"}],"version-history":[{"count":1,"href":"https:\/\/jornalnoticiasdopais.com.br\/index.php\/wp-json\/wp\/v2\/posts\/418\/revisions"}],"predecessor-version":[{"id":420,"href":"https:\/\/jornalnoticiasdopais.com.br\/index.php\/wp-json\/wp\/v2\/posts\/418\/revisions\/420"}],"wp:featuredmedia":[{"embeddable":true,"href":"https:\/\/jornalnoticiasdopais.com.br\/index.php\/wp-json\/wp\/v2\/media\/419"}],"wp:attachment":[{"href":"https:\/\/jornalnoticiasdopais.com.br\/index.php\/wp-json\/wp\/v2\/media?parent=418"}],"wp:term":[{"taxonomy":"category","embeddable":true,"href":"https:\/\/jornalnoticiasdopais.com.br\/index.php\/wp-json\/wp\/v2\/categories?post=418"},{"taxonomy":"post_tag","embeddable":true,"href":"https:\/\/jornalnoticiasdopais.com.br\/index.php\/wp-json\/wp\/v2\/tags?post=418"}],"curies":[{"name":"wp","href":"https:\/\/api.w.org\/{rel}","templated":true}]}}