{"id":391,"date":"2025-03-19T10:44:54","date_gmt":"2025-03-19T13:44:54","guid":{"rendered":"http:\/\/jornalnoticiasdopais.com.br\/?p=391"},"modified":"2025-03-19T10:44:54","modified_gmt":"2025-03-19T13:44:54","slug":"shopping-del-rey-abre-espaco-para-negocios-femininos-durante-o-mes-da-mulher","status":"publish","type":"post","link":"https:\/\/jornalnoticiasdopais.com.br\/index.php\/2025\/03\/19\/shopping-del-rey-abre-espaco-para-negocios-femininos-durante-o-mes-da-mulher\/","title":{"rendered":"SHOPPING DEL REY ABRE ESPA\u00c7O PARA NEG\u00d3CIOS FEMININOS DURANTE O M\u00caS DA MULHER"},"content":{"rendered":"<div data-breakout=\"normal\">\n<p id=\"viewer-78dop231\" class=\"hkh1Y xGHkc FzAZ9 IS0gH\" dir=\"auto\" style=\"text-align: center;\"><span class=\"VxFMC\"><strong><em>A campanha Empodera Ela, desenvolvida em parceria com a ALLOS, celebra o protagonismo feminino e promove, em mar\u00e7o, a\u00e7\u00f5es de empoderamento e valoriza\u00e7\u00e3o do empreendedorismo<\/em><\/strong><\/span><\/p>\n<\/div>\n<div data-hook=\"rcv-block3\"><\/div>\n<div data-breakout=\"normal\">\n<div id=\"viewer-t421c174\" class=\"hkh1Y xGHkc FzAZ9 IS0gH\" dir=\"auto\"><span class=\"VxFMC\">\u00a0<\/span><\/div>\n<\/div>\n<div data-hook=\"rcv-block4\"><\/div>\n<div data-breakout=\"normal\">\n<p id=\"viewer-mpbqs159\" class=\"hkh1Y xGHkc rRHk4 IS0gH\" dir=\"auto\"><span class=\"VxFMC\">Mar\u00e7o \u00e9 o M\u00eas da Mulher e, mais do que uma data simb\u00f3lica, se tornou um per\u00edodo de reflex\u00e3o e reconhecimento sobre a luta delas por respeito, equidade e oportunidade. O Shopping Del Rey abra\u00e7a, mais uma vez, esse movimento e promover\u00e1, ao longo de todo m\u00eas, a\u00e7\u00f5es exclusivas que celebram o empoderamento e os neg\u00f3cios femininos.<\/span><\/p>\n<\/div>\n<div data-hook=\"rcv-block5\"><\/div>\n<div data-breakout=\"normal\">\n<p id=\"viewer-hud26161\" class=\"hkh1Y xGHkc rRHk4 IS0gH\" dir=\"auto\"><span class=\"VxFMC\">A iniciativa, realizada em parceria com a ALLOS &#8211; a mais inovadora plataforma de experi\u00eancias, entretenimento, servi\u00e7os, <em>lifestyle<\/em> e compras do Brasil, que administra o shopping \u2013 integra o projeto Empodera Ela, um movimento nacional que transforma vidas e fortalece comunidades. Desde sua cria\u00e7\u00e3o, em 2019, a iniciativa j\u00e1 impactou mais de 10 milh\u00f5es de pessoas e ofereceu plataforma para mais de 15 mil empreendedoras exibirem seus talentos e produtos pelo pa\u00eds.<\/span><\/p>\n<\/div>\n<div data-hook=\"rcv-block6\"><\/div>\n<div data-breakout=\"normal\">\n<div id=\"viewer-dpbus188\" class=\"hkh1Y xGHkc rRHk4 IS0gH\" dir=\"auto\"><span class=\"VxFMC\">\u00a0<\/span><\/div>\n<\/div>\n<div data-hook=\"rcv-block7\"><\/div>\n<div data-breakout=\"normal\">\n<p id=\"viewer-txknb165\" class=\"hkh1Y xGHkc rRHk4 IS0gH\" dir=\"auto\"><span class=\"VxFMC\">Entre as a\u00e7\u00f5es promovidas pelo Del Rey est\u00e1 a inaugura\u00e7\u00e3o da loja Empodera Ela, em parceria com o Grupo Amor de M\u00e3e \u2013 maior comunidade materna de Minas Gerais. O espa\u00e7o, montado no 2\u00ba piso, re\u00fane o trabalho de cerca de 20 m\u00e3es empreendedoras da Regi\u00e3o Metropolitana de Belo Horizonte, que vender\u00e3o produtos de diferentes segmentos. \u201cSabemos que o empreendedorismo, muitas vezes, \u00e9 o caminho que permite a essas mulheres conquistarem a sua independ\u00eancia financeira e sonharem com um futuro melhor. Nosso prop\u00f3sito com esta iniciativa \u00e9 conectar as pessoas com a hist\u00f3ria e os neg\u00f3cios dessas empreendedoras, ampliando sua visibilidade e oportunidades\u201d, afirma K\u00e1tia Andrade, gerente de marketing do Shopping Del Rey.<\/span><\/p>\n<\/div>\n<div data-hook=\"rcv-block8\"><\/div>\n<div data-breakout=\"normal\">\n<div id=\"viewer-nohmm199\" class=\"hkh1Y xGHkc rRHk4 IS0gH\" dir=\"auto\"><span class=\"VxFMC\">\u00a0<\/span><\/div>\n<\/div>\n<div data-hook=\"rcv-block9\"><\/div>\n<div data-breakout=\"normal\">\n<p id=\"viewer-5r6yy167\" class=\"hkh1Y xGHkc rRHk4 IS0gH\" dir=\"auto\"><span class=\"VxFMC\">O projeto reedita uma parceria de longa data entre o empreendimento e o grupo de empreendedoras do Amor de M\u00e3e que, em 2019, deu origem \u00e0 primeira loja colaborativa materna do pa\u00eds. \u201cO Del Rey foi o primeiro empreendimento que acreditou no trabalho das m\u00e3es e abriu as portas para que elas expusessem os seus neg\u00f3cios para al\u00e9m do ambiente online. Essa oportunidade transformou a vida e o neg\u00f3cio de v\u00e1rias delas e acabou se tornando uma refer\u00eancia para que iniciativas similares acontecessem, n\u00e3o s\u00f3 em BH, mas em outros estados\u201d, conta M\u00e1rcia Machado, administradora do Grupo Amor de M\u00e3e.<\/span><\/p>\n<\/div>\n<div data-hook=\"rcv-block10\"><\/div>\n<div data-breakout=\"normal\">\n<div id=\"viewer-a4kj0210\" class=\"hkh1Y xGHkc rRHk4 IS0gH\" dir=\"auto\"><span class=\"VxFMC\">\u00a0<\/span><\/div>\n<\/div>\n<div data-hook=\"rcv-block11\"><\/div>\n<div data-breakout=\"normal\">\n<p id=\"viewer-hebh2169\" class=\"hkh1Y xGHkc rRHk4 IS0gH\" dir=\"auto\">\n<\/div>\n","protected":false},"excerpt":{"rendered":"<p>A campanha Empodera Ela, desenvolvida em parceria com a ALLOS, celebra o protagonismo feminino e promove, em mar\u00e7o, a\u00e7\u00f5es de &hellip; <a class=\"more-link\" href=\"https:\/\/jornalnoticiasdopais.com.br\/index.php\/2025\/03\/19\/shopping-del-rey-abre-espaco-para-negocios-femininos-durante-o-mes-da-mulher\/\">More<\/a><\/p>\n","protected":false},"author":3,"featured_media":392,"comment_status":"open","ping_status":"open","sticky":true,"template":"","format":"standard","meta":[],"categories":[31,17,7],"tags":[],"_links":{"self":[{"href":"https:\/\/jornalnoticiasdopais.com.br\/index.php\/wp-json\/wp\/v2\/posts\/391"}],"collection":[{"href":"https:\/\/jornalnoticiasdopais.com.br\/index.php\/wp-json\/wp\/v2\/posts"}],"about":[{"href":"https:\/\/jornalnoticiasdopais.com.br\/index.php\/wp-json\/wp\/v2\/types\/post"}],"author":[{"embeddable":true,"href":"https:\/\/jornalnoticiasdopais.com.br\/index.php\/wp-json\/wp\/v2\/users\/3"}],"replies":[{"embeddable":true,"href":"https:\/\/jornalnoticiasdopais.com.br\/index.php\/wp-json\/wp\/v2\/comments?post=391"}],"version-history":[{"count":1,"href":"https:\/\/jornalnoticiasdopais.com.br\/index.php\/wp-json\/wp\/v2\/posts\/391\/revisions"}],"predecessor-version":[{"id":393,"href":"https:\/\/jornalnoticiasdopais.com.br\/index.php\/wp-json\/wp\/v2\/posts\/391\/revisions\/393"}],"wp:featuredmedia":[{"embeddable":true,"href":"https:\/\/jornalnoticiasdopais.com.br\/index.php\/wp-json\/wp\/v2\/media\/392"}],"wp:attachment":[{"href":"https:\/\/jornalnoticiasdopais.com.br\/index.php\/wp-json\/wp\/v2\/media?parent=391"}],"wp:term":[{"taxonomy":"category","embeddable":true,"href":"https:\/\/jornalnoticiasdopais.com.br\/index.php\/wp-json\/wp\/v2\/categories?post=391"},{"taxonomy":"post_tag","embeddable":true,"href":"https:\/\/jornalnoticiasdopais.com.br\/index.php\/wp-json\/wp\/v2\/tags?post=391"}],"curies":[{"name":"wp","href":"https:\/\/api.w.org\/{rel}","templated":true}]}}