{"id":384,"date":"2025-03-07T16:17:07","date_gmt":"2025-03-07T19:17:07","guid":{"rendered":"http:\/\/jornalnoticiasdopais.com.br\/?p=384"},"modified":"2025-03-07T16:17:07","modified_gmt":"2025-03-07T19:17:07","slug":"espetaculo-sorria-voce-esta-no-alem-desembarca-em-bh-na-proxima-semana","status":"publish","type":"post","link":"https:\/\/jornalnoticiasdopais.com.br\/index.php\/2025\/03\/07\/espetaculo-sorria-voce-esta-no-alem-desembarca-em-bh-na-proxima-semana\/","title":{"rendered":"Espet\u00e1culo \u201cSorria! Voc\u00ea Est\u00e1 no Al\u00e9m!\u201d desembarca em BH na pr\u00f3xima semana"},"content":{"rendered":"<p><strong>Divulga\u00e7\u00e3o.<\/strong><\/p>\n<p class=\"has-text-align-center\" style=\"text-align: center;\"><strong><em>Com\u00e9dia que conta com os mesmos atores da montagem \u201cAllan Kardec\u201d ter\u00e1 \u00fanica sess\u00e3o no Cine Theatro Brasil Vallourec no dia 15 de mar\u00e7o<\/em><\/strong><\/p>\n<p>Belo Horizonte vai receber um espet\u00e1culo que promete arrancar risadas e emo\u00e7\u00f5es do p\u00fablico: \u201cSorria! Voc\u00ea Est\u00e1 no Al\u00e9m!\u201d, que estreia no Cine Theatro Brasil Vallourec (Pra\u00e7a 7, Centro), trazendo uma combina\u00e7\u00e3o de com\u00e9dia e reflex\u00e3o espiritual. A \u00fanica apresenta\u00e7\u00e3o ser\u00e1 relizada no dia 15 de mar\u00e7o, s\u00e1bado, \u00e0s 19h. Os ingressos est\u00e3o \u00e0 venda por meio da plataforma\u00a0<a href=\"https:\/\/www.eventim.com.br\/artist\/cine-theatro-brasil\/sorria-voce-esta-no-alem-3829349\/\" target=\"_blank\" rel=\"noreferrer noopener\">Eventim<\/a>\u00a0e na bilheteria do teatro.<\/p>\n<p><img class=\"alignright\" src=\"https:\/\/ci3.googleusercontent.com\/meips\/ADKq_NZxBNJ05M1U00CTOiS8PkZEMez_ioyRG2V4ji9Fiv6tOABFkHlEvl9iwUspf5C7TlBUm-42APmBRE7ukAr3afprR0BllDlNTfoF-XmroxR6jsT1ofoxXeqvbqNYbJm6w5CbzcaavsZFUV8cOWzViP0CTzjREPyRwC3gCjwyuwDxcwWOBVumVBvjsbYaCKbsyoIqn63j6NBdWsWASMwd=s0-d-e1-ft#https:\/\/files.pressmanager.net\/clientes\/67dd844a69e08263976a65f343f9b4e0\/imagens\/2025\/03\/07\/8df74da31c6f36d6280e1e0d08257433_medium.jpg\" alt=\"\" width=\"300\" \/><\/p>\n<p>Escrita por Lurimar Vianna, a pe\u00e7a segue a hist\u00f3ria de Paulo e Ana, esp\u00edritas que inesperadamente se veem em uma dimens\u00e3o desconhecida, percebendo que agora s\u00e3o desencarnados. Aguardando a chegada de seus mentores espirituais, os protagonistas refletem de maneira c\u00f4mica sobre suas vidas terrenas, confessando seus \u201cpecados\u201d e embarcando em situa\u00e7\u00f5es inesperadas que lhes trazem novas perspectivas. O final surpreendente promete deixar o p\u00fablico pensativo e sorridente.<\/p>\n<p>Sob a dire\u00e7\u00e3o de Rog\u00e9rio Fabiano e \u00c9rica Collares, ambos tamb\u00e9m atuando, a pe\u00e7a conta com o mesmo elenco que surpreendeu na produ\u00e7\u00e3o \u201cAllan Kardec\u201d, assegurando performances envolventes e memor\u00e1veis. A expertise de Guilherme Luiz na dire\u00e7\u00e3o de artes de luz vai proporcionar um ambiente visualmente cativante, elevando a experi\u00eancia espiritual e teatral para novas alturas.<\/p>\n<p><strong>Servi\u00e7o\u00a0<\/strong><\/p>\n<p><strong>Espet\u00e1culo: \u201cSorria! Voc\u00ea Est\u00e1 no Al\u00e9m!\u201d<\/strong><\/p>\n<p><strong>Data e hor\u00e1rio:<\/strong>\u00a015 de mar\u00e7o, s\u00e1bado, \u00e0s 19h<\/p>\n<p><strong>Dura\u00e7\u00e3o<\/strong>: 90 minutos<\/p>\n<p><strong>Classifica\u00e7\u00e3o Indicativa:<\/strong>\u00a0Livre<\/p>\n<p><strong>Local<\/strong>: Cine Theatro Brasil Vallourec \u2013 Pra\u00e7a 7, Centro, Belo Horizonte<\/p>\n<p><strong>Texto:<\/strong>\u00a0Lurimar Vianna<\/p>\n<p><strong>Dire\u00e7\u00e3o:<\/strong>\u00a0Rog\u00e9rio Fabiano e \u00c9rica Collares<\/p>\n<p><strong>Elenco:<\/strong>\u00a0\u00c9rica Collares, Rog\u00e9rio Fabiano<\/p>\n<p><strong>Dire\u00e7\u00e3o de Artes de Luz:<\/strong>\u00a0Guilherme Luiz<\/p>\n<p><strong>Produ\u00e7\u00e3o:<\/strong>\u00a0Silvio Ferreira Produ\u00e7\u00f5es<\/p>\n<p><strong>Ingressos a partir de R$ 80 por meio da plataforma Eventim<\/strong>:\u00a0<a href=\"https:\/\/www.eventim.com.br\/artist\/cine-theatro-brasil\/sorria-voce-esta-no-alem-3829349\/\" target=\"_blank\" rel=\"noreferrer noopener\">https:\/\/www.eventim.com.br\/artist\/cine-theatro-brasil\/sorria-voce-esta-no-alem-3829349\/<\/a><\/p>\n","protected":false},"excerpt":{"rendered":"<p>Divulga\u00e7\u00e3o. Com\u00e9dia que conta com os mesmos atores da montagem \u201cAllan Kardec\u201d ter\u00e1 \u00fanica sess\u00e3o no Cine Theatro Brasil Vallourec &hellip; <a class=\"more-link\" href=\"https:\/\/jornalnoticiasdopais.com.br\/index.php\/2025\/03\/07\/espetaculo-sorria-voce-esta-no-alem-desembarca-em-bh-na-proxima-semana\/\">More<\/a><\/p>\n","protected":false},"author":3,"featured_media":385,"comment_status":"open","ping_status":"open","sticky":true,"template":"","format":"standard","meta":[],"categories":[17,7],"tags":[],"_links":{"self":[{"href":"https:\/\/jornalnoticiasdopais.com.br\/index.php\/wp-json\/wp\/v2\/posts\/384"}],"collection":[{"href":"https:\/\/jornalnoticiasdopais.com.br\/index.php\/wp-json\/wp\/v2\/posts"}],"about":[{"href":"https:\/\/jornalnoticiasdopais.com.br\/index.php\/wp-json\/wp\/v2\/types\/post"}],"author":[{"embeddable":true,"href":"https:\/\/jornalnoticiasdopais.com.br\/index.php\/wp-json\/wp\/v2\/users\/3"}],"replies":[{"embeddable":true,"href":"https:\/\/jornalnoticiasdopais.com.br\/index.php\/wp-json\/wp\/v2\/comments?post=384"}],"version-history":[{"count":1,"href":"https:\/\/jornalnoticiasdopais.com.br\/index.php\/wp-json\/wp\/v2\/posts\/384\/revisions"}],"predecessor-version":[{"id":386,"href":"https:\/\/jornalnoticiasdopais.com.br\/index.php\/wp-json\/wp\/v2\/posts\/384\/revisions\/386"}],"wp:featuredmedia":[{"embeddable":true,"href":"https:\/\/jornalnoticiasdopais.com.br\/index.php\/wp-json\/wp\/v2\/media\/385"}],"wp:attachment":[{"href":"https:\/\/jornalnoticiasdopais.com.br\/index.php\/wp-json\/wp\/v2\/media?parent=384"}],"wp:term":[{"taxonomy":"category","embeddable":true,"href":"https:\/\/jornalnoticiasdopais.com.br\/index.php\/wp-json\/wp\/v2\/categories?post=384"},{"taxonomy":"post_tag","embeddable":true,"href":"https:\/\/jornalnoticiasdopais.com.br\/index.php\/wp-json\/wp\/v2\/tags?post=384"}],"curies":[{"name":"wp","href":"https:\/\/api.w.org\/{rel}","templated":true}]}}