{"id":353,"date":"2025-02-17T17:44:59","date_gmt":"2025-02-17T20:44:59","guid":{"rendered":"http:\/\/jornalnoticiasdopais.com.br\/?p=353"},"modified":"2025-02-17T17:48:19","modified_gmt":"2025-02-17T20:48:19","slug":"breve-verao-chega-a-segunda-edicao-no-mirante-beaga-dia-22-de-fevereiro","status":"publish","type":"post","link":"https:\/\/jornalnoticiasdopais.com.br\/index.php\/2025\/02\/17\/breve-verao-chega-a-segunda-edicao-no-mirante-beaga-dia-22-de-fevereiro\/","title":{"rendered":"Breve Ver\u00e3o chega \u00e0 segunda edi\u00e7\u00e3o, no Mirante Beag\u00e1, dia 22 de fevereiro"},"content":{"rendered":"<p dir=\"ltr\"><strong>Chama o S\u00edndico &#8211; Foto Tamas Bodolay.<\/strong><\/p>\n<p dir=\"ltr\" style=\"text-align: center;\"><strong><em>No clima da esta\u00e7\u00e3o, festival re\u00fane Baco Exu do Blues, Lamparina, Adriana Ara\u00fajo e Chama o S\u00edndico, que convida Djonga<\/em><\/strong><\/p>\n<p>&nbsp;<\/p>\n<p dir=\"ltr\">O Breve Ver\u00e3o chega \u00e0 segunda edi\u00e7\u00e3o no dia 22 de fevereiro, com um line-up pensado especialmente para a esta\u00e7\u00e3o mais quente do ano. No Mirante Beag\u00e1, sobem ao palco\u00a0Baco Exu do Blues, Lamparina, Adriana Ara\u00fajo e Chama o S\u00edndico, que convida Djonga.\u00a0Os ingressos est\u00e3o dispon\u00edveis na plataforma\u00a0<a href=\"https:\/\/ingresse.com\/breveverao\/\" target=\"_blank\" rel=\"noopener\" data-saferedirecturl=\"https:\/\/www.google.com\/url?q=https:\/\/ingresse.com\/breveverao\/&amp;source=gmail&amp;ust=1739910936652000&amp;usg=AOvVaw1O3r0VOqYzzZbEDNDD0X-F\">Ingresse<\/a>, a partir de R$40.<\/p>\n<p>&nbsp;<\/p>\n<p dir=\"ltr\">Guilherme Rabelo, um dos s\u00f3cios da Box Bold Xperiences, respons\u00e1vel pelo evento, comenta sobre a proposta: \u201cO Breve Ver\u00e3o \u00e9 mais uma iniciativa do Breve para movimentar a cidade de Belo Horizonte. Este ano, buscamos trazer nomes potentes do Brasil e da nossa capital para um encontro caloroso, que abra\u00e7a o clima carnavalesco que inunda a cidade nesse per\u00edodo\u201d.<\/p>\n<p>&nbsp;<\/p>\n<p dir=\"ltr\">Baco Exu do Blues, um dos principais nomes do hip hop brasileiro, chega com seu repert\u00f3rio repleto de sucessos que misturam rap, R&amp;B e influ\u00eancias afro-brasileiras. O artista baiano coleciona pr\u00eamios nacionais e internacionais, como o Grand Prix de Cannes, e \u00e9 reconhecido por suas letras profundas que abordam temas como paix\u00e3o, desejo e identidade.<\/p>\n<p>&nbsp;<\/p>\n<p dir=\"ltr\">O clima carnavalesco est\u00e1 garantido com a banda do\u00a0Chama o S\u00edndico, bloco que homenageia Jorge Ben Jor e Tim Maia e mistura ritmos como samba, soul, funk e reggae. O grupo contar\u00e1 com uma participa\u00e7\u00e3o especial de\u00a0Djonga, um dos maiores nomes do rap nacional. Nascido na Favela do \u00cdndio, em BH, Djonga conquistou o pa\u00eds com sua l\u00edrica afiada e performances eletrizantes, consolidando-se como refer\u00eancia na cena hip hop.<\/p>\n<p>&nbsp;<\/p>\n<p dir=\"ltr\">A banda\u00a0Lamparina\u00a0traz o show contagiante pelo qual \u00e9 conhecida, conquistando o p\u00fablico com can\u00e7\u00f5es cheias de suingue. Formada em BH, a banda j\u00e1 conquistou diversos outros palcos pelo Brasil, como o Lollapalooza e o MECA Inhotim, e n\u00e3o deixa ningu\u00e9m parado com suas performances eletrizantes.<\/p>\n<p>&nbsp;<\/p>\n<p dir=\"ltr\">E para manter o suingue,\u00a0Adriana Ara\u00fajo, traz a for\u00e7a do samba de BH. Com influ\u00eancias que v\u00e3o de Alcione a Jorge Arag\u00e3o, Adriana \u00e9 conhecida pela sua pot\u00eancia vocal e interpreta\u00e7\u00e3o \u00fanica, al\u00e9m da presen\u00e7a marcante nas principais rodas de samba da capital. A cantora passeia por cl\u00e1ssicos do g\u00eanero e ainda traz autorais do seu disco \u201cMinha Verdade\u201d.<\/p>\n<p>&nbsp;<\/p>\n<p dir=\"ltr\">SERVI\u00c7O<\/p>\n<p dir=\"ltr\">Breve Ver\u00e3o<\/p>\n<p dir=\"ltr\">Dia 22 de fevereiro<\/p>\n<p dir=\"ltr\">Hor\u00e1rio:\u00a0a partir das 16h<\/p>\n<p dir=\"ltr\">Local:\u00a0Mirante Beag\u00e1 (Av. Afonso Pena, 1377 &#8211; Centro)<\/p>\n<p dir=\"ltr\">Ingressos:\u00a0<a href=\"https:\/\/ingresse.com\/breveverao\" target=\"_blank\" rel=\"noopener\" data-saferedirecturl=\"https:\/\/www.google.com\/url?q=https:\/\/ingresse.com\/breveverao&amp;source=gmail&amp;ust=1739910936652000&amp;usg=AOvVaw3oxT2PDM4_NUzQdC1-DcqP\">https:\/\/ingresse.com\/<wbr \/>breveverao<\/a><\/p>\n<p dir=\"ltr\">A partir de R$40<\/p>\n","protected":false},"excerpt":{"rendered":"<p>Chama o S\u00edndico &#8211; Foto Tamas Bodolay. No clima da esta\u00e7\u00e3o, festival re\u00fane Baco Exu do Blues, Lamparina, Adriana Ara\u00fajo &hellip; <a class=\"more-link\" href=\"https:\/\/jornalnoticiasdopais.com.br\/index.php\/2025\/02\/17\/breve-verao-chega-a-segunda-edicao-no-mirante-beaga-dia-22-de-fevereiro\/\">More<\/a><\/p>\n","protected":false},"author":3,"featured_media":354,"comment_status":"open","ping_status":"open","sticky":true,"template":"","format":"standard","meta":[],"categories":[31,17,7,32],"tags":[],"_links":{"self":[{"href":"https:\/\/jornalnoticiasdopais.com.br\/index.php\/wp-json\/wp\/v2\/posts\/353"}],"collection":[{"href":"https:\/\/jornalnoticiasdopais.com.br\/index.php\/wp-json\/wp\/v2\/posts"}],"about":[{"href":"https:\/\/jornalnoticiasdopais.com.br\/index.php\/wp-json\/wp\/v2\/types\/post"}],"author":[{"embeddable":true,"href":"https:\/\/jornalnoticiasdopais.com.br\/index.php\/wp-json\/wp\/v2\/users\/3"}],"replies":[{"embeddable":true,"href":"https:\/\/jornalnoticiasdopais.com.br\/index.php\/wp-json\/wp\/v2\/comments?post=353"}],"version-history":[{"count":1,"href":"https:\/\/jornalnoticiasdopais.com.br\/index.php\/wp-json\/wp\/v2\/posts\/353\/revisions"}],"predecessor-version":[{"id":355,"href":"https:\/\/jornalnoticiasdopais.com.br\/index.php\/wp-json\/wp\/v2\/posts\/353\/revisions\/355"}],"wp:featuredmedia":[{"embeddable":true,"href":"https:\/\/jornalnoticiasdopais.com.br\/index.php\/wp-json\/wp\/v2\/media\/354"}],"wp:attachment":[{"href":"https:\/\/jornalnoticiasdopais.com.br\/index.php\/wp-json\/wp\/v2\/media?parent=353"}],"wp:term":[{"taxonomy":"category","embeddable":true,"href":"https:\/\/jornalnoticiasdopais.com.br\/index.php\/wp-json\/wp\/v2\/categories?post=353"},{"taxonomy":"post_tag","embeddable":true,"href":"https:\/\/jornalnoticiasdopais.com.br\/index.php\/wp-json\/wp\/v2\/tags?post=353"}],"curies":[{"name":"wp","href":"https:\/\/api.w.org\/{rel}","templated":true}]}}