{"id":339,"date":"2025-02-10T18:20:39","date_gmt":"2025-02-10T21:20:39","guid":{"rendered":"http:\/\/jornalnoticiasdopais.com.br\/?p=339"},"modified":"2025-02-10T18:22:25","modified_gmt":"2025-02-10T21:22:25","slug":"pedro-leopoldo-rodeio-show-divulga-a-programacao-completa-do-palco-principal","status":"publish","type":"post","link":"https:\/\/jornalnoticiasdopais.com.br\/index.php\/2025\/02\/10\/pedro-leopoldo-rodeio-show-divulga-a-programacao-completa-do-palco-principal\/","title":{"rendered":"Pedro Leopoldo Rodeio Show divulga a programa\u00e7\u00e3o completa do palco principal"},"content":{"rendered":"<p style=\"text-align: left;\"><strong>Jorge e Mateus &#8211; Divulga\u00e7\u00e3o.<\/strong><\/p>\n<p style=\"text-align: center;\"><strong><i>Jorge &amp; Mateus, Simone Mendes, Matogrosso &amp; Mathias, Luan Santana, Murilo Huff, Nattan, Bruno &amp; Marrone, Hugo &amp; Guilherme, Lauana Prado, Z\u00e9 Neto &amp; Cristiano, Ana Castela e Zez\u00e9 Di Camargo &amp; Luciano est\u00e3o confirmados para integrar uma das maiores festas de pe\u00e3o do Brasil, que acontece de 6 a 14 de junho, no Parque da M\u00fasica<\/i><\/strong><\/p>\n<div>\n<div style=\"text-align: left;\"><\/div>\n<div style=\"text-align: left;\"><\/div>\n<div style=\"text-align: left;\">O Pedro Leopoldo Rodeio Show, que em 2025 comemora duas d\u00e9cadas de sucesso, prepara uma edi\u00e7\u00e3o especial. O evento acontece de 6 a 14 de junho, no Parque da M\u00fasica, em Pedro Leopoldo, com as apresenta\u00e7\u00f5es dos maiores nomes da m\u00fasica brasileira. A festa, que integra o Circuito Sertanejo Brahma, acaba de anunciar a programa\u00e7\u00e3o completa do palco principal e os ingressos j\u00e1 est\u00e3o \u00e0 venda por meio do site oficial:\u00a0<a href=\"http:\/\/www.plrs.com.br.\/\" target=\"_blank\" rel=\"noopener noreferrer\" data-saferedirecturl=\"https:\/\/www.google.com\/url?q=http:\/\/www.plrs.com.br.&amp;source=gmail&amp;ust=1739298144073000&amp;usg=AOvVaw2RvN5Lt2KpqwyxGyt3En4R\">www.plrs.com.br.\u00a0<\/a><\/div>\n<div style=\"text-align: left;\"><\/div>\n<div style=\"text-align: left;\"><img class=\"CToWUd a6T\" src=\"https:\/\/ci3.googleusercontent.com\/meips\/ADKq_NYIXVjPzNZV7lZ-9N1pIp8cD3uxnoBohKFL8auAvWofxIVulTJgbHyMpFWwG41i35j9CEBAt9_BD3q3w471g9_V4lctzk_tTnLAcfy0UEpI6v0QK3TRIZJhXr7-Q7J9KYoq-3vG9-OhwelQMZ8e8-049_zbTQ-EOXbBlUl5QquErnDzSmgsxlj0XdNKowmiCxZQDTWEj10UM7ezShkG=s0-d-e1-ft#https:\/\/files.pressmanager.net\/clientes\/67dd844a69e08263976a65f343f9b4e0\/imagens\/2025\/02\/10\/8aaa125ccf5807dc41a129ae22478626_medium.jpg\" alt=\"\" width=\"200\" align=\"right\" hspace=\"10\" vspace=\"10\" data-bit=\"iit\" \/>Para iniciar a festa, na sexta-feira, dia 06 de junho, o evento vai contar com a presen\u00e7a de grandes nomes da m\u00fasica sertaneja. A noite ser\u00e1 embalada pelos cl\u00e1ssicos e hits de Jorge &amp; Mateus, conhecidos por sucessos como &#8220;Os Anjos Cantam&#8221; e &#8220;Sosseguei&#8221;. Simone Mendes promete emocionar com sua potente voz, cantando suas m\u00fasicas marcantes como \u201cDois Tristes\u201d, \u201cErro Gostoso\u201d e muitos outros. J\u00e1 Matogrosso e Mathias trar\u00e3o toda sua tradi\u00e7\u00e3o e hist\u00f3ria ao palco, encantando com can\u00e7\u00f5es inesquec\u00edveis como &#8220;Tentei Te Esquecer&#8221; e &#8220;24 horas de amor&#8221;.<\/div>\n<div style=\"text-align: left;\"><\/div>\n<div style=\"text-align: left;\">O s\u00e1bado, dia 07 de junho, ser\u00e1 uma noite cheia de energia e emo\u00e7\u00e3o. Luan Santana, um dos artistas mais queridos do Brasil, ir\u00e1 agitar o p\u00fablico com seus hits &#8220;Quando a Bad Bater&#8221; e &#8220;\u00c1gua com A\u00e7\u00facar&#8221;. Murilo Huff trar\u00e1 seu carisma e sucessos como &#8220;B\u00eabado e o Apocalipse&#8221; para o palco. Nattan complementa a noite com seu estilo \u00fanico e show animado.<\/div>\n<div style=\"text-align: left;\"><\/div>\n<div style=\"text-align: left;\">A sexta-feira, dia 13 de junho, ser\u00e1 marcada pelo romantismo e versatilidade dos artistas presentes. Bruno e Marrone ir\u00e3o transmitir toda emo\u00e7\u00e3o de suas m\u00fasicas ic\u00f4nicas como &#8220;Dormi na Pra\u00e7a&#8221; e &#8220;Choram as Rosas&#8221;. Hugo e Guilherme prometem conquistar o p\u00fablico com sua presen\u00e7a de palco e hits como &#8220;Pingo de D\u00f3&#8221;. Por fim, Lauana Prado encantar\u00e1 a todos com sua voz poderosa e m\u00fasicas como &#8220;Cobaia&#8221;.<\/div>\n<div style=\"text-align: left;\"><\/div>\n<div style=\"text-align: left;\">No s\u00e1bado, dia 14 de junho, a festa chega \u00e0 \u00faltima noite com grandes atra\u00e7\u00f5es. Z\u00e9 Neto e Cristiano comandar\u00e3o a noite com hits como &#8220;Largado \u00e0s Tra\u00e7as&#8221; e &#8220;Notifica\u00e7\u00e3o Preferida&#8221;. Ana Castela, a Boiadeira, trar\u00e1 suas can\u00e7\u00f5es e performances inesquec\u00edveis. Finalizando a programa\u00e7\u00e3o, Zez\u00e9 Di Camargo e Luciano subir\u00e3o ao palco para emocionar o p\u00fablico com cl\u00e1ssicos como &#8220;\u00c9 o Amor&#8221; e &#8220;Pede pra Sair&#8221;.<\/div>\n<div style=\"text-align: left;\"><\/div>\n<div style=\"text-align: left;\">Tiago de Brito, CEO do Pedro Leopoldo Rodeio Show, expressa sua alegria em celebrar este marco de duas d\u00e9cadas com um lineup t\u00e3o especial. &#8220;\u00c9 um privil\u00e9gio enorme contar com esses talentos extraordin\u00e1rios. Celebrar 20 anos de hist\u00f3ria com artistas t\u00e3o queridos pelo p\u00fablico \u00e9 um verdadeiro presente para todos n\u00f3s&#8221;, afirma.<\/div>\n<div style=\"text-align: left;\"><\/div>\n<div style=\"text-align: left;\"><img class=\"CToWUd a6T\" src=\"https:\/\/ci3.googleusercontent.com\/meips\/ADKq_NYAcMp2uSmlWbtQxrMXAsqJ5VCxOTx2V1J2qeiIMXXum25cZ9RXWFaM8DQnSFkDAl34l1SVmm0lW2PDgHOy1rBjqPlT9H6QiW7rtwsM1NTspoZgxUYDWm6OwvqRrS-XS-OdiknMMUcs0uPNufT59lXqz1kTrYycLmnev4iviuYZKM6VTtkMw7UUJjqMFZut1HzAQHcWx5ogw6ddgOi8=s0-d-e1-ft#https:\/\/files.pressmanager.net\/clientes\/67dd844a69e08263976a65f343f9b4e0\/imagens\/2024\/06\/11\/b852f4465d37d7a7b60994b664579d44_medium.jpg\" alt=\"\" width=\"200\" align=\"right\" hspace=\"10\" vspace=\"10\" data-bit=\"iit\" \/>Esta ser\u00e1 a segunda edi\u00e7\u00e3o do evento no novo Parque da M\u00fasica, que disp\u00f5e de uma estrutura quatro vezes maior que a anterior, com 20 hectares projetados para oferecer conforto e comodidade, incluindo estacionamento para mais de 3 mil carros. O Pedro Leopoldo Rodeio Show 2025 promete uma experi\u00eancia diversificada com seus setores: Arena, Adelso, Empresarial, Camarote Brahma, Infinity, Varanda Infinity e Lounge Infinity.<\/div>\n<div style=\"text-align: left;\"><\/div>\n<div style=\"text-align: left;\">Mais atra\u00e7\u00f5es de outros palcos do Pedro Leopoldo Rodeio Show 2025 ser\u00e3o divulgadas em breve. Os ingressos j\u00e1 est\u00e3o \u00e0 venda pelo site\u00a0<a href=\"http:\/\/www.plrs.com.br\/\" target=\"_blank\" rel=\"noopener noreferrer\" data-saferedirecturl=\"https:\/\/www.google.com\/url?q=http:\/\/www.plrs.com.br&amp;source=gmail&amp;ust=1739298144073000&amp;usg=AOvVaw3WeP9L0i18ALlyCbdXjKst\">www.plrs.com.br<\/a>, nas Lojas Y em Belo Horizonte do Castelo (Av. dos Engenheiros, 802) e Barro Preto (Rua dos Guajajaras, 1677) , al\u00e9m da Loja do Rodeio em Pedro Leopoldo (Rua Herbster, 298, Centro, Pedro Leopoldo, MG).<\/div>\n<div style=\"text-align: left;\"><\/div>\n<div style=\"text-align: left;\">Servi\u00e7o:<\/div>\n<div style=\"text-align: left;\">Evento: Pedro Leopoldo Rodeio Show 2025<\/div>\n<div style=\"text-align: left;\">Data: 06 a 14 de junho<\/div>\n<div style=\"text-align: left;\">Local: Parque da M\u00fasica &#8211; Via Norte, 2752, Parque Andiara, Pedro Leopoldo \u2013 MG<\/div>\n<div style=\"text-align: left;\"><\/div>\n<div style=\"text-align: left;\">Atra\u00e7\u00f5es confirmadas:<\/div>\n<div style=\"text-align: left;\">06 de junho (sexta) (transmiss\u00e3o): Jorge &amp; Mateus, Simone Mendes, Matogrosso &amp; Mathias<\/div>\n<div style=\"text-align: left;\">07 de junho (s\u00e1bado): Luan Santana, Murilo Huff, Nattan<\/div>\n<div style=\"text-align: left;\">13 de junho (sexta): Bruno &amp; Marrone, Hugo &amp; Guilherme, Lauana Prado<\/div>\n<div style=\"text-align: left;\">14 de junho (s\u00e1bado): Ze Neto &amp; Cristiano, Ana Castela, Zeze di Camargo &amp; Luciano<\/div>\n<div style=\"text-align: left;\"><\/div>\n<div style=\"text-align: left;\">Vendas:<\/div>\n<div style=\"text-align: left;\">Online em\u00a0<a href=\"http:\/\/www.plrs.com.br\/\" target=\"_blank\" rel=\"noopener noreferrer\" data-saferedirecturl=\"https:\/\/www.google.com\/url?q=http:\/\/www.plrs.com.br&amp;source=gmail&amp;ust=1739298144073000&amp;usg=AOvVaw3WeP9L0i18ALlyCbdXjKst\">www.plrs.com.br<\/a><\/div>\n<div style=\"text-align: left;\"><\/div>\n<div style=\"text-align: left;\">Belo Horizonte<\/div>\n<div style=\"text-align: left;\">\u00a0 \u00a0 &#8211; Loja Y Barro Preto \u2013 Rua dos Guajajaras, 1677<\/div>\n<div style=\"text-align: left;\">\u00a0 \u00a0 &#8211; Loja Y Castelo \u2013 Av. dos Engenheiros, 802<\/div>\n<div style=\"text-align: left;\"><\/div>\n<div style=\"text-align: left;\">Pedro Leopoldo<\/div>\n<div style=\"text-align: left;\">\u00a0 \u00a0 &#8211; Loja do Rodeio \u2013 Rua Dr. Herbster, 298, Piso 2<\/div>\n<div style=\"text-align: left;\"><\/div>\n<div style=\"text-align: left;\">Ponto de venda oficial Loja do Rodeio (Rua Herbster, 298, Centro, Pedro Leopoldo, MG)<\/div>\n<div style=\"text-align: left;\">Classifica\u00e7\u00e3o: 16 anos (Menores de 16 anos somente acompanhados dos pais ou tutor. Na aus\u00eancia, devem estar com um maior e autoriza\u00e7\u00e3o assinada pelos pais.)<\/div>\n<\/div>\n","protected":false},"excerpt":{"rendered":"<p>Jorge e Mateus &#8211; Divulga\u00e7\u00e3o. Jorge &amp; Mateus, Simone Mendes, Matogrosso &amp; Mathias, Luan Santana, Murilo Huff, Nattan, Bruno &amp; &hellip; <a class=\"more-link\" href=\"https:\/\/jornalnoticiasdopais.com.br\/index.php\/2025\/02\/10\/pedro-leopoldo-rodeio-show-divulga-a-programacao-completa-do-palco-principal\/\">More<\/a><\/p>\n","protected":false},"author":3,"featured_media":340,"comment_status":"open","ping_status":"open","sticky":true,"template":"","format":"standard","meta":[],"categories":[31,17,7,32],"tags":[49,45,46,39,47,42,41,43,44,51,38,50,40,48],"_links":{"self":[{"href":"https:\/\/jornalnoticiasdopais.com.br\/index.php\/wp-json\/wp\/v2\/posts\/339"}],"collection":[{"href":"https:\/\/jornalnoticiasdopais.com.br\/index.php\/wp-json\/wp\/v2\/posts"}],"about":[{"href":"https:\/\/jornalnoticiasdopais.com.br\/index.php\/wp-json\/wp\/v2\/types\/post"}],"author":[{"embeddable":true,"href":"https:\/\/jornalnoticiasdopais.com.br\/index.php\/wp-json\/wp\/v2\/users\/3"}],"replies":[{"embeddable":true,"href":"https:\/\/jornalnoticiasdopais.com.br\/index.php\/wp-json\/wp\/v2\/comments?post=339"}],"version-history":[{"count":1,"href":"https:\/\/jornalnoticiasdopais.com.br\/index.php\/wp-json\/wp\/v2\/posts\/339\/revisions"}],"predecessor-version":[{"id":341,"href":"https:\/\/jornalnoticiasdopais.com.br\/index.php\/wp-json\/wp\/v2\/posts\/339\/revisions\/341"}],"wp:featuredmedia":[{"embeddable":true,"href":"https:\/\/jornalnoticiasdopais.com.br\/index.php\/wp-json\/wp\/v2\/media\/340"}],"wp:attachment":[{"href":"https:\/\/jornalnoticiasdopais.com.br\/index.php\/wp-json\/wp\/v2\/media?parent=339"}],"wp:term":[{"taxonomy":"category","embeddable":true,"href":"https:\/\/jornalnoticiasdopais.com.br\/index.php\/wp-json\/wp\/v2\/categories?post=339"},{"taxonomy":"post_tag","embeddable":true,"href":"https:\/\/jornalnoticiasdopais.com.br\/index.php\/wp-json\/wp\/v2\/tags?post=339"}],"curies":[{"name":"wp","href":"https:\/\/api.w.org\/{rel}","templated":true}]}}