{"id":325,"date":"2025-01-24T07:34:03","date_gmt":"2025-01-24T10:34:03","guid":{"rendered":"http:\/\/jornalnoticiasdopais.com.br\/?p=325"},"modified":"2025-01-24T07:39:02","modified_gmt":"2025-01-24T10:39:02","slug":"projeta-cultura-tem-inscricoes-abertas-para-oficinas-formativas-na-area-cultural-em-tres-marias-e-pirapora","status":"publish","type":"post","link":"https:\/\/jornalnoticiasdopais.com.br\/index.php\/2025\/01\/24\/projeta-cultura-tem-inscricoes-abertas-para-oficinas-formativas-na-area-cultural-em-tres-marias-e-pirapora\/","title":{"rendered":"\u201cProjeta Cultura\u201d tem inscri\u00e7\u00f5es abertas para oficinas formativas na \u00e1rea cultural  em Tr\u00eas Marias e Pirapora"},"content":{"rendered":"<p dir=\"ltr\"><strong>Projeta Cultura &#8211; Foto Ivan Abreu.<\/strong><\/p>\n<p dir=\"ltr\" style=\"text-align: center;\"><strong><em>J\u00e1 \u00e9 poss\u00edvel se inscrever gratuitamente para oficinas que acontecem em fevereiro<\/em><\/strong><\/p>\n<p>&nbsp;<\/p>\n<p dir=\"ltr\">Mais duas cidades do interior mineiro, Tr\u00eas Marias e Pirapora, recebem as oficinas do Projeta Cultura. Focadas no desenvolvimento t\u00e9cnico e estrat\u00e9gico de projetos culturais, as atividades ocorrem em fevereiro e buscam oferecer as ferramentas necess\u00e1rias para quem deseja ampliar sua atua\u00e7\u00e3o no setor.\u00a0 Interessados podem se inscrever gratuitamente pelo link\u00a0<a href=\"https:\/\/linktr.ee\/projeta_cultura\" target=\"_blank\" rel=\"noopener\" data-saferedirecturl=\"https:\/\/www.google.com\/url?q=https:\/\/linktr.ee\/projeta_cultura&amp;source=gmail&amp;ust=1737800782827000&amp;usg=AOvVaw2_GnqYTunnj7Fb1IHZorrW\">linktr.ee\/projeta_cultura<\/a>\u00a0at\u00e9 o dia\u00a026 de janeiro.<\/p>\n<p dir=\"ltr\">O Projeta Cultura \u00e9 uma iniciativa realizada pelo Instituto Vivas e pelo Governo de Minas, por meio da Secretaria de Estado de Cultura e Turismo (Secult-MG), e patrocinada pela Cemig, por meio da Lei Estadual de Incentivo \u00e0 Cultura de Minas Gerais, que re\u00fane forma\u00e7\u00e3o em cidades do interior de Minas Gerais, com oficinas voltadas para quem quer ampliar seus horizontes e projetar uma trajet\u00f3ria de sucesso no setor cultural. O objetivo principal \u00e9 aperfei\u00e7oar as habilidades t\u00e9cnicas, estrat\u00e9gicas e pessoais dos participantes, promovendo a\u00e7\u00f5es culturais qualificadas em suas comunidades.<\/p>\n<p dir=\"ltr\">A a\u00e7\u00e3o visa levar mais oportunidades para o interior de Minas Gerais e criar uma rede de profissionaliza\u00e7\u00e3o do setor cultural, promovendo desenvolvimento sustent\u00e1vel, por meio da inova\u00e7\u00e3o e da economia criativa. O Projeta Cultura contribui, assim, com a democratiza\u00e7\u00e3o do acesso \u00e0 cultura, incentivando a produ\u00e7\u00e3o dos agentes nos territ\u00f3rios atendidos.<\/p>\n<p dir=\"ltr\">&#8220;Minas atingiu a marca hist\u00f3rica de descentraliza\u00e7\u00e3o dos recursos da cultura, com a destina\u00e7\u00e3o de 65% dos investimentos para cidades do interior. \u00c9 um trabalho cont\u00ednuo que mudou uma l\u00f3gica em que no passado apenas de 5 a 10% eram remetidos aos munic\u00edpios fora da capital. Para cada vez mais democratizar o acesso \u00e0s artes, investimos em capacita\u00e7\u00f5es pelo estado para que as oportunidades cheguem a todos\u201d, defende a subsecret\u00e1ria de Estado de Cultura de Minas Gerais, Maristela Rangel.<\/p>\n<p dir=\"ltr\">A diretora de Comunica\u00e7\u00e3o e Sustentabilidade da Cemig, Cristiana Kumaira, destaca a relev\u00e2ncia do projeto ao levar, para cidades da Regi\u00e3o Metropolitana de Belo Horizonte (RMBH) e do interior do estado, encontros de forma\u00e7\u00e3o para produtores culturais e proponentes, ampliando o alcance da arte em Minas.<\/p>\n<p dir=\"ltr\">\u201cComo a maior incentivadora da cultura no estado, a Cemig busca, para al\u00e9m de patrocinar a realiza\u00e7\u00e3o das atra\u00e7\u00f5es culturais, promover a capacita\u00e7\u00e3o de quem pensa e faz a cultura, de maneira a fortalecer ainda mais o setor. Ao proporcionar oficinas como as executadas pela iniciativa, queremos contribuir para a profissionaliza\u00e7\u00e3o dos agentes culturais, refor\u00e7ando essa rede de atua\u00e7\u00e3o\u201d,\u00a0explicou.<\/p>\n<p dir=\"ltr\">A idealizadora do projeto, Solanda Steckelberg, acrescenta que a circula\u00e7\u00e3o do Projeta Cultura pelo interior mineiro \u00e9 um caminho para uma efetiva oportunidade de desenvolvimento local. &#8220;A realiza\u00e7\u00e3o de oficinas formativas para pessoas que atuam no campo da cultura \u00e9 uma possibilidade real de transforma\u00e7\u00f5es positivas e necess\u00e1rias diante dos diversos desafios que precisamos enfrentar, exigindo de n\u00f3s uma forma\u00e7\u00e3o mais qualificada e profissional no campo da cultura&#8221;, comenta.<\/p>\n<p dir=\"ltr\">Com foco na forma\u00e7\u00e3o e no fortalecimento da economia criativa, O Projeta Cultura oferece duas oficinas:\u00a0\u201cElabora\u00e7\u00e3o de Projetos Culturais\u201d\u00a0e\u00a0\u201cIntelig\u00eancia Artificial para Elabora\u00e7\u00e3o de Projetos Culturais\u201d. Elas acontecem em 11 cidades mineiras, totalizando 22 oficinas com uma carga hor\u00e1ria total de 264 horas-aula, a fim de formar agentes culturais capazes de intervir e transformar suas comunidades por meio da arte. O projeto j\u00e1 passou por Nova Lima, Sabar\u00e1, Santa Luzia, Betim e Lagoa Santa; segue para Juiz de Fora, Divin\u00f3polis, Uberaba e Araguari, e por fim para Tr\u00eas Marias e Pirapora em fevereiro.<\/p>\n<p dir=\"ltr\">Os conte\u00fados das oficinas s\u00e3o t\u00e9cnicos e pr\u00e1ticos e incluem o fortalecimento do repert\u00f3rio art\u00edstico-cultural e identit\u00e1rio dos participantes com seus territ\u00f3rios. Al\u00e9m da coordena\u00e7\u00e3o pedag\u00f3gica de Lena Cunha, a programa\u00e7\u00e3o \u00e9 guiada por um corpo docente de especialistas, que inclui os professores Guilherme Lessa, Cris Moreira, Sinara Teles, Gustavo Abreu, Ana Carolina Souza e Felipe Amado.<\/p>\n<p dir=\"ltr\">Al\u00e9m das oficinas, o projeto prev\u00ea uma webs\u00e9rie educativa composta por 10 epis\u00f3dios sobre a elabora\u00e7\u00e3o de projetos culturais, complementada por uma apostila que aprofunda as discuss\u00f5es sobre a proposi\u00e7\u00e3o de projetos para a Lei Estadual de Incentivo \u00e0 Cultura de Minas Gerais. O material servir\u00e1 como apoio cont\u00ednuo para os participantes e outros interessados no tema.<\/p>\n<p dir=\"ltr\">Trajet\u00f3ria do projeto<\/p>\n<p dir=\"ltr\">Na primeira etapa do Projeta, que aconteceu em maio e junho de 2024, em Belo Horizonte, foram realizadas seis oficinas gratuitas nas \u00e1reas de Fotografia, Poesia e Design, Dan\u00e7a e Audiovisual. Ao final, 52 participantes foram certificados e a iniciativa promoveu um evento para prestigiar as obras produzidas pelos alunos que conclu\u00edram a atividade formativa.<\/p>\n<p dir=\"ltr\">Projeta Cultura \u00e9 uma a\u00e7\u00e3o formativa que conta com o patroc\u00ednio da Cemig, por meio da Lei Estadual de Incentivo \u00e0 Cultura de Minas Gerais, apoio da Prefeitura de Tr\u00eas Marias e Prefeitura de Pirapora, e realiza\u00e7\u00e3o do Instituto Vivas e Governo de Minas Gerais &#8211; Governo Diferente, Estado Eficiente.<\/p>\n<p dir=\"ltr\">Sobre as oficinas<\/p>\n<p dir=\"ltr\">Oficina Intelig\u00eancia Artificial\u00a0para a\u00a0Elabora\u00e7\u00e3o de Projetos Culturais<\/p>\n<p dir=\"ltr\">A oficina explora as aplica\u00e7\u00f5es da Intelig\u00eancia Artificial na escrita criativa. Os participantes ter\u00e3o a oportunidade de aprender conceitos b\u00e1sicos de IA e como utilizar ferramentas para impulsionar sua criatividade na elabora\u00e7\u00e3o de projetos culturais, desde a gera\u00e7\u00e3o de ideias at\u00e9 a forma final, passando pela estrutura\u00e7\u00e3o, revis\u00e3o e tradu\u00e7\u00e3o de textos. A oficina tamb\u00e9m discutir\u00e1 as limita\u00e7\u00f5es do ChatGPT e as estrat\u00e9gias para criar comandos eficazes a partir de dicas e exemplos simples e acess\u00edveis.<\/p>\n<p dir=\"ltr\">Carga hor\u00e1ria:\u00a012 horas\/aula<\/p>\n<p>&nbsp;<\/p>\n<p dir=\"ltr\">Oficina Elabora\u00e7\u00e3o de Projetos Culturais<\/p>\n<p dir=\"ltr\">Apresenta\u00e7\u00e3o de t\u00e9cnicas para elabora\u00e7\u00e3o, planejamento e desenvolvimento de projetos culturais, abordando suas fases e despesas. Pretende-se trabalhar de forma a permitir inscri\u00e7\u00e3o de projetos culturais em diferentes editais de fomento, tais como Lei Estadual de Incentivo \u00e0 Cultura de Minas Gerais,\u00a0Lei Federal de Incentivo \u00e0 Cultura, Editais Funarte, Lei Paulo Gustavo e Lei Aldir Blanc.<\/p>\n<p dir=\"ltr\">Carga hor\u00e1ria:\u00a012h\/aula<\/p>\n<p>&nbsp;<\/p>\n<p dir=\"ltr\">Cemig: a energia da cultura<\/p>\n<p dir=\"ltr\">A Cemig \u00e9 a maior incentivadora de cultura em Minas Gerais e uma das maiores do pa\u00eds. Ao longo dos seus mais de 70 anos de funda\u00e7\u00e3o, a empresa investe e apoia as express\u00f5es art\u00edsticas existentes no estado, por meio das leis de dedu\u00e7\u00e3o fiscal estadual e federal, de maneira a abra\u00e7ar a cultura de Minas Gerais em toda a sua diversidade. Al\u00e9m de fortalecer e potencializar as diferentes formas de produ\u00e7\u00e3o art\u00edstica e cultural no estado, a Cemig se apresenta, tamb\u00e9m, como uma das grandes respons\u00e1veis por atuar na preserva\u00e7\u00e3o do patrim\u00f4nio material e imaterial, da mem\u00f3ria e da identidade do povo mineiro. Os projetos incentivados pela Cemig objetivam chegar nas diferentes regi\u00f5es do estado, beneficiando um maior n\u00famero de pessoas e promovendo a democratiza\u00e7\u00e3o do acesso \u00e0s pr\u00e1ticas culturais. Assim, incentivar e impulsionar o crescimento do setor cultural em Minas Gerais reflete e refor\u00e7a o compromisso e o posicionamento da Cemig em transformar vidas com a nossa energia.<\/p>\n<p>&nbsp;<\/p>\n<p dir=\"ltr\">SERVI\u00c7O<\/p>\n<p dir=\"ltr\">Projeta Cultura<br \/>\nTr\u00eas Marias e Pirapora<br \/>\nInscri\u00e7\u00f5es at\u00e9 26 de janeiro de 2025, via\u00a0formul\u00e1rios dispon\u00edveis no link\u00a0<a href=\"https:\/\/linktr.ee\/projeta_cultura\" target=\"_blank\" rel=\"noopener\" data-saferedirecturl=\"https:\/\/www.google.com\/url?q=https:\/\/linktr.ee\/projeta_cultura&amp;source=gmail&amp;ust=1737800782827000&amp;usg=AOvVaw2_GnqYTunnj7Fb1IHZorrW\">linktr.ee\/projeta_cultura<\/a>\u00a0e na bio do Instagram\u00a0<a href=\"https:\/\/www.instagram.com\/projeta.cultura\/\" target=\"_blank\" rel=\"noopener\" data-saferedirecturl=\"https:\/\/www.google.com\/url?q=https:\/\/www.instagram.com\/projeta.cultura\/&amp;source=gmail&amp;ust=1737800782827000&amp;usg=AOvVaw3ACzRkAr8DzXVAoqCM8Gd4\">@projeta.cultura<\/a>.<\/p>\n<p dir=\"ltr\">Tira-d\u00favidas via WhatsApp:\u00a0(31) 98610-1195<\/p>\n<ul>\n<li dir=\"ltr\">\n<p dir=\"ltr\" role=\"presentation\">Tr\u00eas Marias:<\/p>\n<\/li>\n<\/ul>\n<p dir=\"ltr\">Oficina Intelig\u00eancia Artificial para Elabora\u00e7\u00e3o de Projetos Culturais, com Guilherme Lessa:\u00a03 a 6 de fevereiro de 2025, das 19h \u00e0s 22h, na Associa\u00e7\u00e3o Comercial, Industrial, Agropecu\u00e1ria e de Presta\u00e7\u00e3o de Servi\u00e7os de Tr\u00eas Marias &#8211; ACE CDL (Rua V\u00e1rzea da Palma, 281, Centro)<\/p>\n<p dir=\"ltr\">Oficina Elabora\u00e7\u00e3o de Projetos Culturais, com Cris Moreira: 10 a 13 de fevereiro de 2025, das 19h \u00e0s 22h, na Associa\u00e7\u00e3o Comercial, Industrial, Agropecu\u00e1ria e de Presta\u00e7\u00e3o de Servi\u00e7os de Tr\u00eas Marias &#8211; ACE CDL (Rua V\u00e1rzea da Palma, 281, Centro)<\/p>\n<ul>\n<li dir=\"ltr\">\n<p dir=\"ltr\" role=\"presentation\">Pirapora:<\/p>\n<\/li>\n<\/ul>\n<p dir=\"ltr\">Oficina Intelig\u00eancia Artificial para Elabora\u00e7\u00e3o de Projetos Culturais, com Ana Carolina Souza: 10 a 13 de fevereiro de 2025, das 19h \u00e0s 22h, no Clube Liter\u00e1rio Tamboril\u00a0 (Rua Montes Claros, 804 &#8211; Santo Ant\u00f4nio)<\/p>\n<p dir=\"ltr\">Oficina Elabora\u00e7\u00e3o de Projetos Culturais, com Sinara Teles: 17 a 20 de fevereiro de 2025, das 19h \u00e0s 22h, no Clube Liter\u00e1rio Tamboril\u00a0 (Rua Montes Claros, 804 &#8211; Santo Ant\u00f4nio)<\/p>\n","protected":false},"excerpt":{"rendered":"<p>Projeta Cultura &#8211; Foto Ivan Abreu. J\u00e1 \u00e9 poss\u00edvel se inscrever gratuitamente para oficinas que acontecem em fevereiro &nbsp; Mais &hellip; <a class=\"more-link\" href=\"https:\/\/jornalnoticiasdopais.com.br\/index.php\/2025\/01\/24\/projeta-cultura-tem-inscricoes-abertas-para-oficinas-formativas-na-area-cultural-em-tres-marias-e-pirapora\/\">More<\/a><\/p>\n","protected":false},"author":3,"featured_media":326,"comment_status":"open","ping_status":"open","sticky":true,"template":"","format":"standard","meta":[],"categories":[17],"tags":[],"_links":{"self":[{"href":"https:\/\/jornalnoticiasdopais.com.br\/index.php\/wp-json\/wp\/v2\/posts\/325"}],"collection":[{"href":"https:\/\/jornalnoticiasdopais.com.br\/index.php\/wp-json\/wp\/v2\/posts"}],"about":[{"href":"https:\/\/jornalnoticiasdopais.com.br\/index.php\/wp-json\/wp\/v2\/types\/post"}],"author":[{"embeddable":true,"href":"https:\/\/jornalnoticiasdopais.com.br\/index.php\/wp-json\/wp\/v2\/users\/3"}],"replies":[{"embeddable":true,"href":"https:\/\/jornalnoticiasdopais.com.br\/index.php\/wp-json\/wp\/v2\/comments?post=325"}],"version-history":[{"count":1,"href":"https:\/\/jornalnoticiasdopais.com.br\/index.php\/wp-json\/wp\/v2\/posts\/325\/revisions"}],"predecessor-version":[{"id":327,"href":"https:\/\/jornalnoticiasdopais.com.br\/index.php\/wp-json\/wp\/v2\/posts\/325\/revisions\/327"}],"wp:featuredmedia":[{"embeddable":true,"href":"https:\/\/jornalnoticiasdopais.com.br\/index.php\/wp-json\/wp\/v2\/media\/326"}],"wp:attachment":[{"href":"https:\/\/jornalnoticiasdopais.com.br\/index.php\/wp-json\/wp\/v2\/media?parent=325"}],"wp:term":[{"taxonomy":"category","embeddable":true,"href":"https:\/\/jornalnoticiasdopais.com.br\/index.php\/wp-json\/wp\/v2\/categories?post=325"},{"taxonomy":"post_tag","embeddable":true,"href":"https:\/\/jornalnoticiasdopais.com.br\/index.php\/wp-json\/wp\/v2\/tags?post=325"}],"curies":[{"name":"wp","href":"https:\/\/api.w.org\/{rel}","templated":true}]}}