{"id":305,"date":"2024-10-16T09:54:17","date_gmt":"2024-10-16T12:54:17","guid":{"rendered":"http:\/\/jornalnoticiasdopais.com.br\/?p=305"},"modified":"2024-10-21T11:57:39","modified_gmt":"2024-10-21T14:57:39","slug":"therefest-traz-a-cultura-alema-e-o-show-de-ze-ramalho-para-bh","status":"publish","type":"post","link":"https:\/\/jornalnoticiasdopais.com.br\/index.php\/2024\/10\/16\/therefest-traz-a-cultura-alema-e-o-show-de-ze-ramalho-para-bh\/","title":{"rendered":"Ther\u00eafest traz a cultura alem\u00e3 e o show de Z\u00e9 Ramalho para BH"},"content":{"rendered":"<p><strong><span style=\"vertical-align: inherit;\"><span style=\"vertical-align: inherit;\"><span style=\"vertical-align: inherit;\"><span style=\"vertical-align: inherit;\"><span style=\"vertical-align: inherit;\"><span style=\"vertical-align: inherit;\">Z\u00e9 Ramalho &#8211; Foto: Leo Aversa.<\/span><\/span><\/span><\/span><\/span><\/span><\/strong><\/p>\n<p style=\"text-align: center;\"><strong><i><span style=\"vertical-align: inherit;\"><span style=\"vertical-align: inherit;\"><span style=\"vertical-align: inherit;\"><span style=\"vertical-align: inherit;\"><span style=\"vertical-align: inherit;\"><span style=\"vertical-align: inherit;\">Evento comemorativo das tradi\u00e7\u00f5es germ\u00e2nicas no Parque das Mangabeiras, em 2 de novembro, com entrada gratuita at\u00e9 \u00e0s 16h<\/span><\/span><\/span><\/span><\/span><\/span><\/i><\/strong><\/p>\n<div><center>\u00a0<\/center><span style=\"vertical-align: inherit;\"><span style=\"vertical-align: inherit;\"><span style=\"vertical-align: inherit;\"><span style=\"vertical-align: inherit;\"><span style=\"vertical-align: inherit;\"><span style=\"vertical-align: inherit;\">Belo Horizonte se prepara para receber o Ther\u00eafest, uma celebra\u00e7\u00e3o que uma das tradi\u00e7\u00f5es germ\u00e2nicas \u00e0 paix\u00e3o pela Cerveja Therez\u00f3polis. O evento, marcado para o dia 2 de novembro, s\u00e1bado, no Parque das Mangabeiras (Av. Jos\u00e9 do Patroc\u00ednio Pontes, 580 &#8211; Mangabeiras), das 14h \u00e0s 22h, promete uma experi\u00eancia \u00fanica com m\u00fasica ao vivo, show do \u00edcone Z\u00e9 Ramalho, gastronomia e, \u00e9 claro, muita cerveja.<\/span><\/span><\/span><\/span><\/span><\/span><\/p>\n<p><img class=\"CToWUd a6T\" tabindex=\"0\" src=\"https:\/\/ci3.googleusercontent.com\/meips\/ADKq_NY4qWioBCJIGoq2cTi-NziRBk13TsS7o63xFYBpPLBuapDEE9kGIsgBbaZUKxQLoLidGywaiZ2iKFS89OLIH1rL7aIRzDqyHhNySoUTN9HmWMaGLYDwCN3GyxwRSPYWU0Iq8K6PUX74DzFuzjLoXEOdf_z8gDEIrdMAkDwz06WoNfoZH0z_LSUg5t-jiwL-fPLelBOk5ERez6BYFrxE=s0-d-e1-ft#https:\/\/files.pressmanager.net\/clientes\/67dd844a69e08263976a65f343f9b4e0\/imagens\/2024\/10\/15\/4b4951ecaf821d3338e0644f0e3a8a3c_medium.jpg\" alt=\"\" width=\"200\" align=\"right\" hspace=\"10\" vspace=\"10\" data-bit=\"iit\" \/><span style=\"vertical-align: inherit;\"><span style=\"vertical-align: inherit;\"><span style=\"vertical-align: inherit;\"><span style=\"vertical-align: inherit;\"><span style=\"vertical-align: inherit;\"><span style=\"vertical-align: inherit;\">Os visitantes poder\u00e3o saborear o Chopp Therez\u00f3polis, al\u00e9m de cinco estilos diferentes de cerveja da marca. A Ther\u00eafest oferece dois setores &#8211; Pista e \u00c1rea Vip &#8211; e uma pol\u00edtica de ingressos flex\u00edvel. A entrada \u00e9 gratuita at\u00e9 \u00e0s 16h, mediante retirada antecipada de ingressos por meio da plataforma\u00a0 <\/span><\/span><\/span><\/span><\/span><\/span><a href=\"http:\/\/ingresse.com\/\" target=\"_blank\" rel=\"noopener\" data-saferedirecturl=\"https:\/\/www.google.com\/url?q=http:\/\/ingresse.com&amp;source=gmail&amp;ust=1729165389504000&amp;usg=AOvVaw3duoLLiVubzWsfA9sN7pX3\"><span style=\"vertical-align: inherit;\"><span style=\"vertical-align: inherit;\"><span style=\"vertical-align: inherit;\"><span style=\"vertical-align: inherit;\"><span style=\"vertical-align: inherit;\"><span style=\"vertical-align: inherit;\">ingresse.com<\/span><\/span><\/span><\/span><\/span><\/span><\/a><span style=\"vertical-align: inherit;\"><span style=\"vertical-align: inherit;\"><span style=\"vertical-align: inherit;\"><span style=\"vertical-align: inherit;\"><span style=\"vertical-align: inherit;\"><span style=\"vertical-align: inherit;\"> . Ap\u00f3s esse hor\u00e1rio, ser\u00e1 cobrado 50% do valor da portaria. Para quem preferir, h\u00e1 a op\u00e7\u00e3o de ingresso que inclui um copo exclusivo do evento.<\/span><\/span><\/span><\/span><\/span><\/span><\/p>\n<p><span style=\"vertical-align: inherit;\"><span style=\"vertical-align: inherit;\"><span style=\"vertical-align: inherit;\"><span style=\"vertical-align: inherit;\"><span style=\"vertical-align: inherit;\"><span style=\"vertical-align: inherit;\">&#8220;Oferecemos um evento para receber toda a fam\u00edlia. Teremos uma pra\u00e7a gastron\u00f4mica completa e diversas atra\u00e7\u00f5es, oferecendo uma fus\u00e3o \u00fanica entre as tradi\u00e7\u00f5es germ\u00e2nicas e a hospitalidade mineira, em um local ic\u00f4nico e agrad\u00e1vel em BH. Parece que o Pal\u00e1cio das Mangabeiras foi feito para n\u00f3s receber&#8221;, diz J\u00falia Queir\u00f3s, Diretora de Marketing da 2 Liv, produtora que realiza o evento em parceria com a 4Esta\u00e7\u00f5es.<\/span><\/span><\/span><\/span><\/span><\/span><\/p>\n<p><strong><span style=\"vertical-align: inherit;\"><span style=\"vertical-align: inherit;\"><span style=\"vertical-align: inherit;\"><span style=\"vertical-align: inherit;\"><span style=\"vertical-align: inherit;\"><span style=\"vertical-align: inherit;\">Servi\u00e7o:<\/span><\/span><\/span><\/span><\/span><\/span><\/strong><\/p>\n<p><strong><span style=\"vertical-align: inherit;\"><span style=\"vertical-align: inherit;\"><span style=\"vertical-align: inherit;\"><span style=\"vertical-align: inherit;\"><span style=\"vertical-align: inherit;\"><span style=\"vertical-align: inherit;\">Evento:<\/span><\/span><\/span><\/span><\/span><\/span><\/strong><span style=\"vertical-align: inherit;\"><span style=\"vertical-align: inherit;\"><span style=\"vertical-align: inherit;\"><span style=\"vertical-align: inherit;\"><span style=\"vertical-align: inherit;\"><span style=\"vertical-align: inherit;\"> \u00a0Ther\u00eafest<\/span><\/span><\/span><\/span><\/span><\/span><\/p>\n<p><strong><span style=\"vertical-align: inherit;\"><span style=\"vertical-align: inherit;\"><span style=\"vertical-align: inherit;\"><span style=\"vertical-align: inherit;\"><span style=\"vertical-align: inherit;\"><span style=\"vertical-align: inherit;\">Data:<\/span><\/span><\/span><\/span><\/span><\/span><\/strong><span style=\"vertical-align: inherit;\"><span style=\"vertical-align: inherit;\"><span style=\"vertical-align: inherit;\"><span style=\"vertical-align: inherit;\"><span style=\"vertical-align: inherit;\"><span style=\"vertical-align: inherit;\"> \u00a02 de novembro, s\u00e1bado<\/span><\/span><\/span><\/span><\/span><\/span><\/p>\n<p><strong><span style=\"vertical-align: inherit;\"><span style=\"vertical-align: inherit;\"><span style=\"vertical-align: inherit;\"><span style=\"vertical-align: inherit;\"><span style=\"vertical-align: inherit;\"><span style=\"vertical-align: inherit;\">Hor\u00e1rio:<\/span><\/span><\/span><\/span><\/span><\/span><\/strong><span style=\"vertical-align: inherit;\"><span style=\"vertical-align: inherit;\"><span style=\"vertical-align: inherit;\"><span style=\"vertical-align: inherit;\"><span style=\"vertical-align: inherit;\"><span style=\"vertical-align: inherit;\"> \u00a0Das 14h \u00e0s 22h<\/span><\/span><\/span><\/span><\/span><\/span><\/p>\n<p><strong><span style=\"vertical-align: inherit;\"><span style=\"vertical-align: inherit;\"><span style=\"vertical-align: inherit;\"><span style=\"vertical-align: inherit;\"><span style=\"vertical-align: inherit;\"><span style=\"vertical-align: inherit;\">Local:<\/span><\/span><\/span><\/span><\/span><\/span><\/strong><span style=\"vertical-align: inherit;\"><span style=\"vertical-align: inherit;\"><span style=\"vertical-align: inherit;\"><span style=\"vertical-align: inherit;\"><span style=\"vertical-align: inherit;\"><span style=\"vertical-align: inherit;\"> \u00a0Parque das Mangabeiras &#8211; Av. Jos\u00e9 do Patroc\u00ednio Pontes, 580 \u2013 Mangabeiras, Belo Horizonte \u2013 MG<\/span><\/span><\/span><\/span><\/span><\/span><\/p>\n<p><strong><span style=\"vertical-align: inherit;\"><span style=\"vertical-align: inherit;\"><span style=\"vertical-align: inherit;\"><span style=\"vertical-align: inherit;\"><span style=\"vertical-align: inherit;\"><span style=\"vertical-align: inherit;\">Setores:<\/span><\/span><\/span><\/span><\/span><\/span><\/strong><span style=\"vertical-align: inherit;\"><span style=\"vertical-align: inherit;\"><span style=\"vertical-align: inherit;\"><span style=\"vertical-align: inherit;\"><span style=\"vertical-align: inherit;\"><span style=\"vertical-align: inherit;\"> \u00a0Pista e \u00c1rea Vip (nenhum setor \u00e9 open bar)<\/span><\/span><\/span><\/span><\/span><\/span><\/p>\n<p><strong>\u00a0<\/strong><\/p>\n<p><strong><span style=\"vertical-align: inherit;\"><span style=\"vertical-align: inherit;\"><span style=\"vertical-align: inherit;\"><span style=\"vertical-align: inherit;\"><span style=\"vertical-align: inherit;\"><span style=\"vertical-align: inherit;\">Entradas por meio da plataforma\u00a0 <\/span><\/span><\/span><\/span><\/span><\/span><a href=\"https:\/\/www.ingresse.com\/there-fest-02-11-ze-ramalho\/\" target=\"_blank\" rel=\"noopener\" data-saferedirecturl=\"https:\/\/www.google.com\/url?q=https:\/\/www.ingresse.com\/there-fest-02-11-ze-ramalho\/&amp;source=gmail&amp;ust=1729165389504000&amp;usg=AOvVaw0kb1of1W_YjDc_oun0w7Ne\"><span style=\"vertical-align: inherit;\"><span style=\"vertical-align: inherit;\"><span style=\"vertical-align: inherit;\"><span style=\"vertical-align: inherit;\"><span style=\"vertical-align: inherit;\"><span style=\"vertical-align: inherit;\">Ingresse.com<\/span><\/span><\/span><\/span><\/span><\/span><\/a><span style=\"vertical-align: inherit;\"><span style=\"vertical-align: inherit;\"><span style=\"vertical-align: inherit;\"><span style=\"vertical-align: inherit;\"><span style=\"vertical-align: inherit;\"><span style=\"vertical-align: inherit;\"> :<\/span><\/span><\/span><\/span><\/span><\/span><\/strong><\/p>\n<p><span style=\"vertical-align: inherit;\"><span style=\"vertical-align: inherit;\"><span style=\"vertical-align: inherit;\"><span style=\"vertical-align: inherit;\"><span style=\"vertical-align: inherit;\"><span style=\"vertical-align: inherit;\">Gratuito at\u00e9 \u00e0s 16h (mediante retirada de ingressos)<\/span><\/span><\/span><\/span><\/span><\/span><\/p>\n<p><span style=\"vertical-align: inherit;\"><span style=\"vertical-align: inherit;\"><span style=\"vertical-align: inherit;\"><span style=\"vertical-align: inherit;\"><span style=\"vertical-align: inherit;\"><span style=\"vertical-align: inherit;\">50% do valor da portaria ap\u00f3s as 16h<\/span><\/span><\/span><\/span><\/span><\/span><\/p>\n<p><span style=\"vertical-align: inherit;\"><span style=\"vertical-align: inherit;\"><span style=\"vertical-align: inherit;\"><span style=\"vertical-align: inherit;\"><span style=\"vertical-align: inherit;\"><span style=\"vertical-align: inherit;\">Op\u00e7\u00e3o de ingresso com copo exclusivo Ther\u00eafest<\/span><\/span><\/span><\/span><\/span><\/span><\/p>\n<\/div>\n","protected":false},"excerpt":{"rendered":"<p>Z\u00e9 Ramalho &#8211; Foto: Leo Aversa. Evento comemorativo das tradi\u00e7\u00f5es germ\u00e2nicas no Parque das Mangabeiras, em 2 de novembro, com &hellip; <a class=\"more-link\" href=\"https:\/\/jornalnoticiasdopais.com.br\/index.php\/2024\/10\/16\/therefest-traz-a-cultura-alema-e-o-show-de-ze-ramalho-para-bh\/\">More<\/a><\/p>\n","protected":false},"author":3,"featured_media":308,"comment_status":"open","ping_status":"open","sticky":true,"template":"","format":"standard","meta":[],"categories":[31,17],"tags":[37],"_links":{"self":[{"href":"https:\/\/jornalnoticiasdopais.com.br\/index.php\/wp-json\/wp\/v2\/posts\/305"}],"collection":[{"href":"https:\/\/jornalnoticiasdopais.com.br\/index.php\/wp-json\/wp\/v2\/posts"}],"about":[{"href":"https:\/\/jornalnoticiasdopais.com.br\/index.php\/wp-json\/wp\/v2\/types\/post"}],"author":[{"embeddable":true,"href":"https:\/\/jornalnoticiasdopais.com.br\/index.php\/wp-json\/wp\/v2\/users\/3"}],"replies":[{"embeddable":true,"href":"https:\/\/jornalnoticiasdopais.com.br\/index.php\/wp-json\/wp\/v2\/comments?post=305"}],"version-history":[{"count":5,"href":"https:\/\/jornalnoticiasdopais.com.br\/index.php\/wp-json\/wp\/v2\/posts\/305\/revisions"}],"predecessor-version":[{"id":311,"href":"https:\/\/jornalnoticiasdopais.com.br\/index.php\/wp-json\/wp\/v2\/posts\/305\/revisions\/311"}],"wp:featuredmedia":[{"embeddable":true,"href":"https:\/\/jornalnoticiasdopais.com.br\/index.php\/wp-json\/wp\/v2\/media\/308"}],"wp:attachment":[{"href":"https:\/\/jornalnoticiasdopais.com.br\/index.php\/wp-json\/wp\/v2\/media?parent=305"}],"wp:term":[{"taxonomy":"category","embeddable":true,"href":"https:\/\/jornalnoticiasdopais.com.br\/index.php\/wp-json\/wp\/v2\/categories?post=305"},{"taxonomy":"post_tag","embeddable":true,"href":"https:\/\/jornalnoticiasdopais.com.br\/index.php\/wp-json\/wp\/v2\/tags?post=305"}],"curies":[{"name":"wp","href":"https:\/\/api.w.org\/{rel}","templated":true}]}}