{"id":301,"date":"2024-10-16T09:35:22","date_gmt":"2024-10-16T12:35:22","guid":{"rendered":"http:\/\/jornalnoticiasdopais.com.br\/?p=301"},"modified":"2024-10-16T09:36:13","modified_gmt":"2024-10-16T12:36:13","slug":"exposicao-individual-rito-de-margem-de-christiana-quady-na-galeria-mama-cadela-chega-a-ultima-semana-com-eventos-gratuitos","status":"publish","type":"post","link":"https:\/\/jornalnoticiasdopais.com.br\/index.php\/2024\/10\/16\/exposicao-individual-rito-de-margem-de-christiana-quady-na-galeria-mama-cadela-chega-a-ultima-semana-com-eventos-gratuitos\/","title":{"rendered":"Exposi\u00e7\u00e3o individual \u201cRito de Margem\u201d, de Christiana Quady, na Galeria Mama Cadela, chega \u00e0 \u00faltima semana com eventos gratuitos"},"content":{"rendered":"<div align=\"left\"><strong><span style=\"vertical-align: inherit;\"><span style=\"vertical-align: inherit;\">Christiana Quady &#8211; Divulga\u00e7\u00e3o.<\/span><\/span><\/strong><\/div>\n<div align=\"left\"><\/div>\n<div align=\"left\">\n<p dir=\"ltr\" style=\"text-align: center;\"><strong><em><span style=\"vertical-align: inherit;\"><span style=\"vertical-align: inherit;\">No conjunto de obras, em exposi\u00e7\u00e3o at\u00e9 o dia 20 de outubro, a artista mineira narra um rito pessoal desafiando as possibilidades de m\u00faltiplos materiais e t\u00e9cnicas\u00a0<\/span><\/span><\/em><\/strong><\/p>\n<p dir=\"ltr\"><span style=\"vertical-align: inherit;\"><span style=\"vertical-align: inherit;\">A exposi\u00e7\u00e3o \u201cRito de Margem\u201d, da artista mineira e professora da Universidade Federal de Minas Gerais (UFMG) Christiana Quady, chega na \u00faltima semana, na Galeria Mama Cadela. Para encerrar o per\u00edodo da exposi\u00e7\u00e3o, que vai at\u00e9 o dia 20 de outubro, a artista promove eventos gratuitos, em di\u00e1logo com as obras. No dia 17, Paula Oliveira, especialista em terapias corporais e integrativas, e Paula Braga, especialista em ch\u00e1s, conduzem uma experi\u00eancia imersiva, a partir de medita\u00e7\u00f5es, movimentos e blends saborosos de ch\u00e1. No \u00faltimo dia, a mostra \u00e9 tema de uma roda de conversa com o artista, o curador J\u00falio Martins e o grupo Pinturama, da UFMG.<\/span><\/span><\/p>\n<p dir=\"ltr\"><span style=\"vertical-align: inherit;\"><span style=\"vertical-align: inherit;\">A mostra parte do conceito de rito de margem como est\u00e1gio liminar de elabora\u00e7\u00e3o \u00edntima e pessoal. O sujeito que vive \u00e0 est\u00e1 em um entre espa\u00e7o, desassociando-se das margens sociais e buscando carreira reconectar-se com o universo \u00e0 sua volta. No caso de Christiana Quady, essa reconex\u00e3o se manifesta pela natureza. Com curadoria de Jo\u00e3o Gabriel Nemer e textos de Ana Viana, na cole\u00e7\u00e3o de obras, Christiana estabelece fronteiras e conex\u00f5es com a natureza e seus elementos, narrando um processo de transforma\u00e7\u00e3o.<\/span><\/span><\/p>\n<p dir=\"ltr\"><span style=\"vertical-align: inherit;\"><span style=\"vertical-align: inherit;\">\u201cO ato de pintar carrega consigo um poder ritual\u00edstico, capaz de elaborar sentimentos e manifestar o que antes s\u00f3 era poss\u00edvel dentro de uma abstra\u00e7\u00e3o individual. Por isso, a exposi\u00e7\u00e3o \u00e9 uma esp\u00e9cie de metalinguagem: a express\u00e3o visual de um rito, por meio de outro rito, que \u00e9 a pintura\u201d, comenta o artista.<\/span><\/span><\/p>\n<p dir=\"ltr\"><span style=\"vertical-align: inherit;\"><span style=\"vertical-align: inherit;\">Buscando retratar a complexidade est\u00e9tica e simb\u00f3lica do mar, das montanhas e de outros elementos naturais complexos, Christiana desafia as possibilidades dos materiais e explora as m\u00faltiplas texturas da tinta sobre a tela. As obras acabam por demonstrar um encantamento com o mundo. Al\u00e9m do externo, no percurso, Christiana Quady mergulha em outras imensid\u00f5es do universo \u00edntimo e do inconsciente, como nas telas que exibem o feminino selvagem &#8211; muitas vezes indesejado e sufocado pela sociedade.<\/span><\/span><\/p>\n<p dir=\"ltr\"><span style=\"vertical-align: inherit;\"><span style=\"vertical-align: inherit;\">QUATRO SALAS, QUATRO ETAPAS DE UM RITO<\/span><\/span><\/p>\n<p dir=\"ltr\"><span style=\"vertical-align: inherit;\"><span style=\"vertical-align: inherit;\">Na primeira sala, \u201cO que vestir para encontrar o mundo?\u201d, os adornos s\u00e3o protagonistas, vistos como elementos essenciais para o rito de margem, carregando hist\u00f3rias e simbologias. Num encontro a s\u00f3s, Christiana Quady presencia seus adornos se transformando em sujeito, agigantados emparelhando sob a paisagem.<\/span><\/span><\/p>\n<p dir=\"ltr\"><span style=\"vertical-align: inherit;\"><span style=\"vertical-align: inherit;\">J\u00e1 \u00e9 poss\u00edvel perceber a mistura de cores, texturas e t\u00e9cnicas que um artista mobiliza para representar diferentes elementos da natureza e do seu universo \u00edntimo. Na obra \u201cO que submerge e o que sobrenada\u201d, em uma coreografia meticulosa, a delicadeza da aquarela se funda \u00e0 imprevisibilidade do spray.<\/span><\/span><\/p>\n<p dir=\"ltr\"><span style=\"vertical-align: inherit;\"><span style=\"vertical-align: inherit;\">Silenciosa e im\u00f3vel, a montanha, ancestralmente, simboliza o ponto de conex\u00e3o entre dois mundos. Em \u201cComo ouvir o convite\u201d, Quady ilustra a imensid\u00e3o e a for\u00e7a desses elementos, a partir da experimenta\u00e7\u00e3o, utilizando uma pintura mais energ\u00e9tica e livre. Em cada uma das obras h\u00e1 um uso espec\u00edfico de materiais e t\u00e9cnicas. O resultado s\u00e3o paisagens bastante distintas, que convocam diferentes sensa\u00e7\u00f5es.<\/span><\/span><\/p>\n<p dir=\"ltr\"><span style=\"vertical-align: inherit;\"><span style=\"vertical-align: inherit;\">Na sala \u201cO que se manifesta nos meus santu\u00e1rios \u00edntimos?\u201d, Quady exp\u00f5e o inconsciente feminino indesejado nos meios sociais. Na obra \u201cAs Herculanas\u201d, o lado selvagem, petulante, questionador, on\u00edrico, ambicioso e transgressor da mulher &#8211; constantemente recalcados &#8211; vem \u00e0 tona. Trazendo o questionamento &#8220;De qual caverna voc\u00ea saiu?&#8221;, tamb\u00e9m reflete sobre as amarras que nos aprisionam e nos impedem de enxergar o que de fortuito e poderoso temos \u00e0 nossa volta.<\/span><\/span><\/p>\n<p dir=\"ltr\"><span style=\"vertical-align: inherit;\"><span style=\"vertical-align: inherit;\">Por fim, a exposi\u00e7\u00e3o faz uma homenagem ao mar. Nas pinturas, Quady retorna \u00e0 tinta a \u00f3leo para traduzir a profundidade e complexidade est\u00e9tica e simb\u00f3lica do mar. Traz hist\u00f3rias adquiridas e vivenciadas pela artista nas suas visitas \u00e0 Bahia, uma magnitude das ondas e o emaranhado de filetes de espuma, que parecem costurados \u00e0 m\u00e3o. O deslizar do \u00f3leo \u00e9 como um gesto de amor.<\/span><\/span><\/p>\n<p dir=\"ltr\"><span style=\"vertical-align: inherit;\"><span style=\"vertical-align: inherit;\">SERVI\u00c7O<\/span><\/span><\/p>\n<p dir=\"ltr\"><span style=\"vertical-align: inherit;\"><span style=\"vertical-align: inherit;\">Exposi\u00e7\u00e3o \u201cRito de Margem\u201d, de Christiana Quady<\/span><\/span><\/p>\n<p dir=\"ltr\"><span style=\"vertical-align: inherit;\"><span style=\"vertical-align: inherit;\">At\u00e9 dia 20 de outubro<\/span><\/span><\/p>\n<p dir=\"ltr\"><span style=\"vertical-align: inherit;\"><span style=\"vertical-align: inherit;\">Visita\u00e7\u00e3o gratuita: Sextas, s\u00e1bados e domingos, das 9h \u00e0s 15h<\/span><\/span><\/p>\n<p dir=\"ltr\"><span style=\"vertical-align: inherit;\"><span style=\"vertical-align: inherit;\">Local: Galeria Mama Cadela<\/span><\/span><\/p>\n<p dir=\"ltr\"><span style=\"vertical-align: inherit;\"><span style=\"vertical-align: inherit;\">Rua Pouso Alegre, 2048, Santa Tereza &#8211; Belo Horizonte<\/span><\/span><\/p>\n<p dir=\"ltr\"><span style=\"vertical-align: inherit;\"><span style=\"vertical-align: inherit;\">*Durante uma semana, \u00e9 poss\u00edvel agendar pelo direct do Instagram\u00a0 <\/span><\/span><a href=\"https:\/\/www.instagram.com\/mama_cadela\/\" target=\"_blank\" rel=\"noopener\" data-saferedirecturl=\"https:\/\/www.google.com\/url?q=https:\/\/www.instagram.com\/mama_cadela\/&amp;source=gmail&amp;ust=1729166799699000&amp;usg=AOvVaw1_7gcu_TJ7A6k0fQSoEjYN\"><span style=\"vertical-align: inherit;\"><span style=\"vertical-align: inherit;\">@mama_cadela<\/span><\/span><\/a><\/p>\n<p dir=\"ltr\"><span style=\"vertical-align: inherit;\"><span style=\"vertical-align: inherit;\">PROGRAMA\u00c7\u00c3O<\/span><\/span><\/p>\n<p dir=\"ltr\"><span style=\"vertical-align: inherit;\"><span style=\"vertical-align: inherit;\">Vivencia: o corpo como nossa obra de arte<\/span><\/span><\/p>\n<p dir=\"ltr\"><span style=\"vertical-align: inherit;\"><span style=\"vertical-align: inherit;\">Dia 17 de outubro<\/span><\/span><\/p>\n<p dir=\"ltr\"><span style=\"vertical-align: inherit;\"><span style=\"vertical-align: inherit;\">Hor\u00e1rio: 19h<\/span><\/span><\/p>\n<p dir=\"ltr\"><span style=\"vertical-align: inherit;\"><span style=\"vertical-align: inherit;\">Roda de Pintura<\/span><\/span><\/p>\n<p dir=\"ltr\"><span style=\"vertical-align: inherit;\"><span style=\"vertical-align: inherit;\">Dia 20 de outubro<\/span><\/span><\/p>\n<p dir=\"ltr\"><span style=\"vertical-align: inherit;\"><span style=\"vertical-align: inherit;\">Hor\u00e1rio: 15h<\/span><\/span><\/p>\n<p dir=\"ltr\"><span style=\"vertical-align: inherit;\"><span style=\"vertical-align: inherit;\">Eventos gratuitos<\/span><\/span><\/p>\n<\/div>\n<div dir=\"ltr\" align=\"left\"><\/div>\n","protected":false},"excerpt":{"rendered":"<p>Christiana Quady &#8211; Divulga\u00e7\u00e3o. No conjunto de obras, em exposi\u00e7\u00e3o at\u00e9 o dia 20 de outubro, a artista mineira narra &hellip; <a class=\"more-link\" href=\"https:\/\/jornalnoticiasdopais.com.br\/index.php\/2024\/10\/16\/exposicao-individual-rito-de-margem-de-christiana-quady-na-galeria-mama-cadela-chega-a-ultima-semana-com-eventos-gratuitos\/\">More<\/a><\/p>\n","protected":false},"author":3,"featured_media":302,"comment_status":"open","ping_status":"open","sticky":true,"template":"","format":"standard","meta":[],"categories":[31,32],"tags":[],"_links":{"self":[{"href":"https:\/\/jornalnoticiasdopais.com.br\/index.php\/wp-json\/wp\/v2\/posts\/301"}],"collection":[{"href":"https:\/\/jornalnoticiasdopais.com.br\/index.php\/wp-json\/wp\/v2\/posts"}],"about":[{"href":"https:\/\/jornalnoticiasdopais.com.br\/index.php\/wp-json\/wp\/v2\/types\/post"}],"author":[{"embeddable":true,"href":"https:\/\/jornalnoticiasdopais.com.br\/index.php\/wp-json\/wp\/v2\/users\/3"}],"replies":[{"embeddable":true,"href":"https:\/\/jornalnoticiasdopais.com.br\/index.php\/wp-json\/wp\/v2\/comments?post=301"}],"version-history":[{"count":2,"href":"https:\/\/jornalnoticiasdopais.com.br\/index.php\/wp-json\/wp\/v2\/posts\/301\/revisions"}],"predecessor-version":[{"id":304,"href":"https:\/\/jornalnoticiasdopais.com.br\/index.php\/wp-json\/wp\/v2\/posts\/301\/revisions\/304"}],"wp:featuredmedia":[{"embeddable":true,"href":"https:\/\/jornalnoticiasdopais.com.br\/index.php\/wp-json\/wp\/v2\/media\/302"}],"wp:attachment":[{"href":"https:\/\/jornalnoticiasdopais.com.br\/index.php\/wp-json\/wp\/v2\/media?parent=301"}],"wp:term":[{"taxonomy":"category","embeddable":true,"href":"https:\/\/jornalnoticiasdopais.com.br\/index.php\/wp-json\/wp\/v2\/categories?post=301"},{"taxonomy":"post_tag","embeddable":true,"href":"https:\/\/jornalnoticiasdopais.com.br\/index.php\/wp-json\/wp\/v2\/tags?post=301"}],"curies":[{"name":"wp","href":"https:\/\/api.w.org\/{rel}","templated":true}]}}