{"id":296,"date":"2024-10-15T15:03:15","date_gmt":"2024-10-15T18:03:15","guid":{"rendered":"http:\/\/jornalnoticiasdopais.com.br\/?p=296"},"modified":"2024-10-15T15:03:24","modified_gmt":"2024-10-15T18:03:24","slug":"trem-da-viamobilidade-tem-principio-de-incendio-em-sao-paulo","status":"publish","type":"post","link":"https:\/\/jornalnoticiasdopais.com.br\/index.php\/2024\/10\/15\/trem-da-viamobilidade-tem-principio-de-incendio-em-sao-paulo\/","title":{"rendered":"Trem da ViaMobilidade tem princ\u00edpio de inc\u00eandio em S\u00e3o Paulo"},"content":{"rendered":"<p><span style=\"vertical-align: inherit;\"><span style=\"vertical-align: inherit;\">V\u00eddeo que circula nas redes sociais mostra um vag\u00e3o de trem atingido por fogo, na regi\u00e3o da Esta\u00e7\u00e3o Granja Julieta, da Linha 9-Esmeralda, na zona sul da capital paulista. A situa\u00e7\u00e3o ocorreu na noite desta segunda-feira (14), na capital paulista. A linha, administrada pela ViaMobilidade, foi repassada pelo governo do estado \u00e0 iniciativa privada em 2022.<\/span><\/span><img src=\"https:\/\/agenciabrasil.ebc.com.br\/ebc.png?id=1615483&amp;o=node\" \/><img src=\"https:\/\/agenciabrasil.ebc.com.br\/ebc.gif?id=1615483&amp;o=node\" \/><\/p>\n<p><span style=\"vertical-align: inherit;\"><span style=\"vertical-align: inherit;\">Nas imagens, \u00e9 poss\u00edvel ver passageiros dentro do vag\u00e3o em movimento enquanto h\u00e1 explos\u00f5es na parte de fora. Depois que os usu\u00e1rios sa\u00edram por uma das portas do trem para a plataforma, um deles grava a parte de cima de um vag\u00e3o que tinha chamas. N\u00e3o houve feridos.<\/span><\/span><\/p>\n<p><span style=\"vertical-align: inherit;\"><span style=\"vertical-align: inherit;\">De acordo com a ViaMobilidade, foi registrado princ\u00edpio de inc\u00eandio na parte externa em uma das composi\u00e7\u00f5es da linha na regi\u00e3o da Esta\u00e7\u00e3o Granja Julieta, e que foi prontamente desligado. \u201cOs clientes foram atendidos em seguran\u00e7a pelos Agentes de Atendimento da Concession\u00e1ria, desembarcaram na plataforma e seguiram viagem em outra composi\u00e7\u00e3o\u201d, disse, em nota.<\/span><\/span><\/p>\n<p><span style=\"vertical-align: inherit;\"><span style=\"vertical-align: inherit;\">Ainda segundo a empresa, a composi\u00e7\u00e3o afetada foi colhida, e ser\u00e1 feita uma purifica\u00e7\u00e3o detalhada para definir as causas da ocorr\u00eancia. A ViaMobilidade informou que a Linha 9-Esmeralda opera normalmente nesta ter\u00e7a-feira (15).<\/span><\/span><\/p>\n","protected":false},"excerpt":{"rendered":"<p>V\u00eddeo que circula nas redes sociais mostra um vag\u00e3o de trem atingido por fogo, na regi\u00e3o da Esta\u00e7\u00e3o Granja Julieta, &hellip; <a class=\"more-link\" href=\"https:\/\/jornalnoticiasdopais.com.br\/index.php\/2024\/10\/15\/trem-da-viamobilidade-tem-principio-de-incendio-em-sao-paulo\/\">More<\/a><\/p>\n","protected":false},"author":3,"featured_media":297,"comment_status":"open","ping_status":"open","sticky":true,"template":"","format":"standard","meta":[],"categories":[17],"tags":[],"_links":{"self":[{"href":"https:\/\/jornalnoticiasdopais.com.br\/index.php\/wp-json\/wp\/v2\/posts\/296"}],"collection":[{"href":"https:\/\/jornalnoticiasdopais.com.br\/index.php\/wp-json\/wp\/v2\/posts"}],"about":[{"href":"https:\/\/jornalnoticiasdopais.com.br\/index.php\/wp-json\/wp\/v2\/types\/post"}],"author":[{"embeddable":true,"href":"https:\/\/jornalnoticiasdopais.com.br\/index.php\/wp-json\/wp\/v2\/users\/3"}],"replies":[{"embeddable":true,"href":"https:\/\/jornalnoticiasdopais.com.br\/index.php\/wp-json\/wp\/v2\/comments?post=296"}],"version-history":[{"count":2,"href":"https:\/\/jornalnoticiasdopais.com.br\/index.php\/wp-json\/wp\/v2\/posts\/296\/revisions"}],"predecessor-version":[{"id":299,"href":"https:\/\/jornalnoticiasdopais.com.br\/index.php\/wp-json\/wp\/v2\/posts\/296\/revisions\/299"}],"wp:featuredmedia":[{"embeddable":true,"href":"https:\/\/jornalnoticiasdopais.com.br\/index.php\/wp-json\/wp\/v2\/media\/297"}],"wp:attachment":[{"href":"https:\/\/jornalnoticiasdopais.com.br\/index.php\/wp-json\/wp\/v2\/media?parent=296"}],"wp:term":[{"taxonomy":"category","embeddable":true,"href":"https:\/\/jornalnoticiasdopais.com.br\/index.php\/wp-json\/wp\/v2\/categories?post=296"},{"taxonomy":"post_tag","embeddable":true,"href":"https:\/\/jornalnoticiasdopais.com.br\/index.php\/wp-json\/wp\/v2\/tags?post=296"}],"curies":[{"name":"wp","href":"https:\/\/api.w.org\/{rel}","templated":true}]}}