{"id":261,"date":"2024-03-25T14:07:29","date_gmt":"2024-03-25T17:07:29","guid":{"rendered":"http:\/\/jornalnoticiasdopais.com.br\/?p=261"},"modified":"2024-03-25T14:07:29","modified_gmt":"2024-03-25T17:07:29","slug":"pasta-de-artesanato-do-projeto-social-joias-forma-95-alunos-na-2a-etapa","status":"publish","type":"post","link":"https:\/\/jornalnoticiasdopais.com.br\/index.php\/2024\/03\/25\/pasta-de-artesanato-do-projeto-social-joias-forma-95-alunos-na-2a-etapa\/","title":{"rendered":"Pasta de &#8220;Artesanato&#8221; do &#8220;Projeto Social Joias&#8221; forma 95 alunos na 2\u00aa etapa"},"content":{"rendered":"<h4 style=\"text-align: center;\"><strong><em>Entrega dos certificados foi realizada no dia 22 de mar\u00e7o, na Capela Nossa Senhora Aparecida, em M\u00e1rio Campos-MG<\/em><\/strong><\/h4>\n<p>Uma tarde alegre e bastante descontra\u00edda. Assim foi a formatura dos 95 alunos da pasta de &#8220;Artesanato&#8221;, da 2\u00aa etapa, do &#8220;Projeto Social Joias&#8221;, realizada no dia 22 de mar\u00e7o, na Capela Nossa Senhora Aparecida, em M\u00e1rio Campos-MG. Na data, estiveram presentes, Eliz\u00e2ngela Campos, coordenadora do projeto, Iagnes Reider, coordenadora da pasta de Artesanato, C\u00e1ssia Rodrigues, gestora e coordenadora da pasta de Tecnologia, C\u00e9sar Rodrigues, coordenador da pasta de M\u00fasica, Charles Reider, da coordenador pasta de Esportes &amp; Sa\u00fade, Andressa Rodrigues, presidente da AVABRUM, M\u00f4nica Reider, presidenta da AARTEMC e demais convidados e amigos.<\/p>\n<p>De acordo com Eliz\u00e2ngela Campos, coordenadora do projeto, foi gratificante ver o resultado do Artesanato. &#8220;\u00c9 um dia de celebra\u00e7\u00e3o, de gratid\u00e3o por voc\u00eas estarem conosco nessa caminhada, que hoje, no m\u00eas de mar\u00e7o, completa um ano e quatro meses de projeto. A maioria de voc\u00eas tem caminhado conosco desde o in\u00edcio e acreditaram na nossa proposta. Ainda n\u00e3o t\u00ednhamos certeza de como seria a caminhada, mas gra\u00e7as a DEUS, se voc\u00eas est\u00e3o aqui hoje, \u00e9 porque n\u00f3s conseguimos atingir o nosso compromisso. Quando ouvimos os depoimentos de voc\u00eas, percebemos que conseguimos ajudar. Agrade\u00e7o a toda a equipe do Projeto Social Joias e aos alunos. Muito obrigada a todos e al\u00e9m de certificado, todas as alunas v\u00e3o ganhar um kit especial para continuar as atividades do Artesanato. Se DEUS quiser, o Projeto Social Joias seguir\u00e1 em frente&#8221;, disse.<\/p>\n<p>Para Andressa Rodrigues, presidenta da AVABRUM, o Projeto Social Joias tem uma grande relev\u00e2ncia. &#8220;Algumas coisas tem pre\u00e7o e outras valor. Por\u00e9m, em rela\u00e7\u00e3o ao valor, esse n\u00e3o tem dinheiro que paga. Por isso, imagino que \u00e9 esse sentimento que cada um est\u00e1 carregando no cora\u00e7\u00e3o. O valor de ter participado desse projeto t\u00e3o lindo e de ter conhecido tantas pessoas especiais. Falamos de um projeto que foi muito bem planejado. Por isso, enquanto presidenta da AVABRUM e participante do comit\u00ea gestor (que delibera e avalia o projeto junto com o Minist\u00e9rio P\u00fablico do Trabalho, Defensoria P\u00fablica da Uni\u00e3o e Justi\u00e7a do Trabalho, atrav\u00e9s da Doutora Viviane, que \u00e9 ju\u00edza da 5\u00b0 Vara), faremos o que for poss\u00edvel. Sabemos que n\u00e3o existe repara\u00e7\u00e3o para quem perdeu um familiar nessa trag\u00e9dia. Ou seja, nossas 272 joias! Mas o alento \u00e9 feito atrav\u00e9s de a\u00e7\u00f5es como essa, de ajudar pessoas. Teremos uma pausa, para que tudo chegue no lugar e em breve teremos novidades para voc\u00eas&#8221;, comentou.<\/p>\n<p>J\u00e1 para Iagnes Reider, coordenadora da pasta de Artesanato, foi um momento emocionante e de dever cumprido. &#8220;A sensa\u00e7\u00e3o que eu tenho \u00e9 de dever cumprido e gra\u00e7as a DEUS a gente t\u00e1 fazendo essa entrega formando 95 alunos. Lembrando que na primeira tivemos 92 e agora s\u00e3o 95. Para n\u00f3s \u00e9 uma realiza\u00e7\u00e3o muito grande, j\u00e1 que era um sonho antigo que t\u00ednhamos. Aguardamos a prorroga\u00e7\u00e3o do projeto, tanto que a procura j\u00e1 est\u00e1 grande e tenho pedido um pouquinho de paci\u00eancia, j\u00e1 que na f\u00e9, a gente vai conseguir essa prorroga\u00e7\u00e3o&#8221;, disse.<\/p>\n<p>Segundo Iagnes Reider, existem relatos de alunas que melhoraram muito atrav\u00e9s do Artesanato. &#8220;Eu tenho relatos de alunas que largaram os rem\u00e9dios, saindo de depress\u00e3o por causa dessa conviv\u00eancia, desse acolhimento do Projeto Social Joias e tudo isso, porque elas se sentiram abra\u00e7adas. Gra\u00e7as a DEUS, eu tenho uma equipe de milh\u00f5es e as minhas professoras s\u00e3o todas, sem exce\u00e7\u00e3o,\u00a0 profissionais que aprenderam a acolher e abra\u00e7ar cada aluno, com cada diversidade. Assim, s\u00f3 agrade\u00e7o a todos pelo carinho&#8221;, completou.<\/p>\n<p>Para Monica Reider, presidenta da AARTEMC, foi um momento marcante. &#8220;\u00c9 um dia bem especial para todas n\u00f3s e me recordo, que,\u00a0 quando o projeto iniciou, uma pessoa me perguntou porque colocamos um nome t\u00e3o grande, ou seja, Projeto Social Joias &#8211; Transformando pelo Abra\u00e7o e Promovendo a Vida. Todo mundo gosta de ser abra\u00e7ado, n\u00e3o \u00e9 mesmo? \u00c9 quando estamos tristes ou mesmo felizes, o abra\u00e7o traz a calma. Tanto que, para consolar uma pessoa, basta a gente abra\u00e7ar. Por isso, quando abra\u00e7amos as pessoas, de uma certa forma, transformamos elas. Porque, \u00e0s vezes, ela est\u00e1 num momento dif\u00edcil triste, doloroso, angustiante e quando voc\u00ea faz isso, voc\u00ea n\u00e3o precisa dizer nada. Por isso, vejo com muita gratid\u00e3o que n\u00f3s conseguimos e prova de tudo isso, esta nesse lindo dia. Voc\u00eas s\u00e3o guerreiras e mostraram que s\u00e3o capazes. Podem ter certeza que n\u00f3s estamos com muito orgulho de todas. Parab\u00e9ns!&#8221;.<\/p>\n<h4><strong>Depoimentos emocionantes &#8211; pasta de Artesanato &#8211; Projeto Social Joias:<\/strong><\/h4>\n<p><strong>&#8211; Maria da Consola\u00e7\u00e3o:<\/strong><\/p>\n<p>&#8220;Para mim \u00e9 tudo de bom, pois eu conheci muitas pessoas. O Artesanato no Projeto Social Joias foi muito bom, porque eu estava em um momento de muita tristeza e conhecer pessoas que me abra\u00e7aram, me beijaram, me deram amor e carinho, foi muito bom! S\u00f3 tenho que agradecer as meninas, a Iagnes e a M\u00f4nica e as minhas companheiras, pois para mim foi muito bom. Tomara que DEUS aben\u00e7oe que esse projeto continue, porque ainda tem muita gente querendo participar&#8221;, disse.<\/p>\n<p><strong>&#8211; Dona Eva:<\/strong><\/p>\n<p>&#8220;Eu agrade\u00e7o a DEUS, primeiramente, depois a coordena\u00e7\u00e3o do projeto pelo trabalho feito na cidade. Obrigada pela paci\u00eancia, pois todas n\u00f3s temos nossas defici\u00eancias, falhas, mas como o Iagnes falou, fizemos o melhor para passar um pouco do que a gente sabe para todas voc\u00eas. Esperamos que voc\u00eas continuem firmes e fortes, dando sequ\u00eancia nos trabalhos, para aprender ainda mais. Que DEUS nos ajude e que o projeto tenha continuidade, pois precisamos disso. Que DEUS aben\u00e7oe a cada um de voc\u00eas. Muito obrigada&#8221;, disse.<\/p>\n<p><strong>&#8211; Geralda Aparecida de Oliveira:<\/strong><\/p>\n<p>&#8220;Eu tenho alguns problemas e tomava muitos rem\u00e9dios. Esse trabalho social me ajudou demais e at\u00e9 a minha cabe\u00e7a melhorou, porque eu n\u00e3o conseguia fazer nada. Ali\u00e1s, achava que eu era uma in\u00fatil e por isso, pedia a DEUS que surgisse algo na minha vida, at\u00e9 que veio o Projeto Social Joias. As professoras s\u00e3o uma gracinha! Gosto demais das minhas amiguinhas, que fiz l\u00e1, da Iagnes e de todos. \u00c9 maravilhoso! Por isso pe\u00e7o, pelo amor de DEUS, que n\u00e3o tirem esse projeto&#8221;, disse.<\/p>\n<p><strong>&#8211; Diego Rodrigo da Cunha F\u00e9lix:<\/strong><\/p>\n<p>&#8220;Para a minha vida foi bom, porque no ano retrasado eu fiz o Artesanato em Tecido. J\u00e1 esse ano eu fiz Croch\u00ea. Na verdade, eu n\u00e3o imaginava que daria conta de fazer, mas consegui. Estou orando muito a DEUS para que o projeto continue, em nome de Jesus. Se prorrogar, quero fazer outras coisas, outras atividades. Gostei muito da M\u00f4nica, da Iagnes, da Kelly e de todo mundo do projeto e tor\u00e7o para que ele continue na cidade&#8221;, comentou.<\/p>\n<p><strong>&#8211; Eliesse Aparecida de Santos:<\/strong><\/p>\n<p>&#8220;Foi muito bom, porque \u00e9 uma coisa que voc\u00ea esquece dos problemas, entendeu? \u00c9 uma coisa que te d\u00e1 for\u00e7a. Eu amei participar e para mim foi um presente. Adoro a Iagnes, ali\u00e1s, amo ela!\u00a0 Al\u00e9m do Artesanato, eu participo tamb\u00e9m da Zumba e entrei depois de um momento complicado. Eu peguei a Covid, e da Covid eu cheguei a fazer hemodi\u00e1lise. Da hemodi\u00e1lise eu fiz o transplante de rins e nesse meio tempo eu tive que fazer um exerc\u00edcio. Ent\u00e3o a Zumba me ajudou muito na parte da minha sa\u00fade. Por isso, s\u00f3 agrade\u00e7o o &#8220;Joias&#8221; e espero que continue&#8221;.<\/p>\n<p><strong>&#8211; Cindy Tatiana:<\/strong><\/p>\n<p>&#8220;Quando eu entrei no curso, senti um cuidado especial do projeto com as pessoas. Na \u00e9poca eu estava desempregada e lembro que, no final do ano, o Artesanato foi at\u00e9 uma fonte de renda para mim, j\u00e1 que fiz encomendas com chaveirinhos de Natal. Por isso, espero que continue tendo o projeto, para que mais pessoas possam aprender atrav\u00e9s das atividades e cursos oferecidos&#8221;, concluiu.<\/p>\n<p><strong><em>*Projeto realizado com recursos destinados pelo Comit\u00ea Gestor formado pela Associa\u00e7\u00e3o dos Familiares das V\u00edtimas e Atingidos pelo Rompimento da Barragem em Brumadinho-MG (AVABRUM), Defensoria P\u00fablica da Uni\u00e3o (DPU), Minist\u00e9rio P\u00fablico do Trabalho (MPT) e Tribunal Regional do Trabalho (TRT), do Dano Moral Coletivo pago a t\u00edtulo de indeniza\u00e7\u00e3o social pelo rompimento da Barragem em Brumadinho em 25\/01\/2019, que ceifou 272 vidas.\u00a0<\/em><\/strong><\/p>\n","protected":false},"excerpt":{"rendered":"<p>Entrega dos certificados foi realizada no dia 22 de mar\u00e7o, na Capela Nossa Senhora Aparecida, em M\u00e1rio Campos-MG Uma tarde &hellip; <a class=\"more-link\" href=\"https:\/\/jornalnoticiasdopais.com.br\/index.php\/2024\/03\/25\/pasta-de-artesanato-do-projeto-social-joias-forma-95-alunos-na-2a-etapa\/\">More<\/a><\/p>\n","protected":false},"author":3,"featured_media":262,"comment_status":"open","ping_status":"open","sticky":false,"template":"","format":"standard","meta":[],"categories":[17,7,32,23],"tags":[35],"_links":{"self":[{"href":"https:\/\/jornalnoticiasdopais.com.br\/index.php\/wp-json\/wp\/v2\/posts\/261"}],"collection":[{"href":"https:\/\/jornalnoticiasdopais.com.br\/index.php\/wp-json\/wp\/v2\/posts"}],"about":[{"href":"https:\/\/jornalnoticiasdopais.com.br\/index.php\/wp-json\/wp\/v2\/types\/post"}],"author":[{"embeddable":true,"href":"https:\/\/jornalnoticiasdopais.com.br\/index.php\/wp-json\/wp\/v2\/users\/3"}],"replies":[{"embeddable":true,"href":"https:\/\/jornalnoticiasdopais.com.br\/index.php\/wp-json\/wp\/v2\/comments?post=261"}],"version-history":[{"count":1,"href":"https:\/\/jornalnoticiasdopais.com.br\/index.php\/wp-json\/wp\/v2\/posts\/261\/revisions"}],"predecessor-version":[{"id":263,"href":"https:\/\/jornalnoticiasdopais.com.br\/index.php\/wp-json\/wp\/v2\/posts\/261\/revisions\/263"}],"wp:featuredmedia":[{"embeddable":true,"href":"https:\/\/jornalnoticiasdopais.com.br\/index.php\/wp-json\/wp\/v2\/media\/262"}],"wp:attachment":[{"href":"https:\/\/jornalnoticiasdopais.com.br\/index.php\/wp-json\/wp\/v2\/media?parent=261"}],"wp:term":[{"taxonomy":"category","embeddable":true,"href":"https:\/\/jornalnoticiasdopais.com.br\/index.php\/wp-json\/wp\/v2\/categories?post=261"},{"taxonomy":"post_tag","embeddable":true,"href":"https:\/\/jornalnoticiasdopais.com.br\/index.php\/wp-json\/wp\/v2\/tags?post=261"}],"curies":[{"name":"wp","href":"https:\/\/api.w.org\/{rel}","templated":true}]}}