{"id":255,"date":"2024-02-21T10:48:02","date_gmt":"2024-02-21T13:48:02","guid":{"rendered":"http:\/\/jornalnoticiasdopais.com.br\/?p=255"},"modified":"2024-02-21T10:49:37","modified_gmt":"2024-02-21T13:49:37","slug":"boulevard-shopping-exibe-o-filme-masha-e-o-urso-pelo-projeto-sessao-azul-no-sabado-dia-24-de-fevereiro","status":"publish","type":"post","link":"https:\/\/jornalnoticiasdopais.com.br\/index.php\/2024\/02\/21\/boulevard-shopping-exibe-o-filme-masha-e-o-urso-pelo-projeto-sessao-azul-no-sabado-dia-24-de-fevereiro\/","title":{"rendered":"Boulevard Shopping exibe o filme \u201cMasha e o Urso\u201d pelo projeto \u201cSess\u00e3o Azul\u201d no s\u00e1bado, dia 24 de fevereiro"},"content":{"rendered":"<p><strong><span style=\"vertical-align: inherit;\"><span style=\"vertical-align: inherit;\">Boulevard Shopping &#8211; Sess\u00e3o Azul &#8211; Divulga\u00e7\u00e3o.<\/span><\/span><\/strong><\/p>\n<p style=\"font-weight: 400; text-align: center;\"><strong><em><span style=\"vertical-align: inherit;\"><span style=\"vertical-align: inherit;\">A <\/span><\/span><\/em><em><span style=\"vertical-align: inherit;\"><span style=\"vertical-align: inherit;\">\u00a0sess\u00e3o especial \u00e9 adaptada para crian\u00e7as com transtorno do espectro autista e suas fam\u00edlias<\/span><\/span><\/em><\/strong><\/p>\n<p style=\"font-weight: 400;\"><span style=\"font-weight: 400;\"><span style=\"vertical-align: inherit;\"><span style=\"vertical-align: inherit;\">No s\u00e1bado, <\/span><\/span><\/span><b><span style=\"vertical-align: inherit;\"><span style=\"vertical-align: inherit;\">dia 24 de fevereiro, \u00e0s 13h30 <\/span><\/span><\/b><span style=\"font-weight: 400;\"><span style=\"vertical-align: inherit;\"><span style=\"vertical-align: inherit;\">, o <\/span><\/span><\/span><b><span style=\"vertical-align: inherit;\"><span style=\"vertical-align: inherit;\">Boulevard Shopping BH <\/span><\/span><\/b><span style=\"font-weight: 400;\"><span style=\"vertical-align: inherit;\"><span style=\"vertical-align: inherit;\">exibe o <\/span><\/span><\/span><b><span style=\"vertical-align: inherit;\"><span style=\"vertical-align: inherit;\">filme <\/span><\/span><\/b> <b><span style=\"vertical-align: inherit;\"><span style=\"vertical-align: inherit;\">\u201cMasha e o Urso: Divers\u00e3o em Dobro\u201d <\/span><\/span><\/b><span style=\"font-weight: 400;\"><span style=\"vertical-align: inherit;\"><span style=\"vertical-align: inherit;\">por meio do projeto <\/span><\/span><\/span><b><span style=\"vertical-align: inherit;\"><span style=\"vertical-align: inherit;\">\u201cSess\u00e3o Azul\u201d <\/span><\/span><\/b><span style=\"font-weight: 400;\"><span style=\"vertical-align: inherit;\"><span style=\"vertical-align: inherit;\">. Os ingressos para o evento podem ser adquiridos no site <\/span><\/span><a href=\"http:\/\/ingresso.com\/\" data-saferedirecturl=\"https:\/\/www.google.com\/url?q=http:\/\/ingresso.com&amp;source=gmail&amp;ust=1708607048702000&amp;usg=AOvVaw2zlkh-oX2SIQUUMHQR6vJb\"><span style=\"vertical-align: inherit;\"><span style=\"vertical-align: inherit;\">ingresso.com<\/span><\/span><\/a><span style=\"vertical-align: inherit;\"><span style=\"vertical-align: inherit;\"> ou na bilheteria do Cineart Boulevard Shopping. Todos t\u00eam direito \u00e0 meia entrada, tanto ao adulto quanto \u00e0 crian\u00e7a.<\/span><\/span><\/span><\/p>\n<p style=\"font-weight: 400;\"><span style=\"font-weight: 400;\"><span style=\"vertical-align: inherit;\"><span style=\"vertical-align: inherit;\">Realizada em parceria com a institui\u00e7\u00e3o Sess\u00e3o Azul, a <\/span><\/span><\/span><b><span style=\"vertical-align: inherit;\"><span style=\"vertical-align: inherit;\">exibi\u00e7\u00e3o do filme acontece em um ambiente todo preparado para atender a demanda de crian\u00e7as com Transtorno do Espectro Autismo (TEA) <\/span><\/span><\/b><span style=\"font-weight: 400;\"><span style=\"vertical-align: inherit;\"><span style=\"vertical-align: inherit;\">e suas fam\u00edlias. O espa\u00e7o tem luzes parcialmente acesas, som mais baixo e a circula\u00e7\u00e3o pelo ambiente \u00e9 livre.<\/span><\/span><\/span><\/p>\n<p style=\"font-weight: 400;\"><span style=\"font-weight: 400;\"><span style=\"vertical-align: inherit;\"><span style=\"vertical-align: inherit;\">Durante a sess\u00e3o, profissionais especializados ficam na sala para ajudar na adapta\u00e7\u00e3o ao local. Os volunt\u00e1rios s\u00e3o treinados com metodologias para garantir, al\u00e9m do conforto, a seguran\u00e7a das fam\u00edlias presentes.<\/span><\/span><\/span><span style=\"font-weight: 400;\">\u00a0<\/span><\/p>\n<p style=\"font-weight: 400;\"><b><span style=\"vertical-align: inherit;\"><span style=\"vertical-align: inherit;\">Sinopse do Filme<\/span><\/span><\/b><\/p>\n<p style=\"font-weight: 400;\"><span style=\"font-weight: 400;\"><span style=\"vertical-align: inherit;\"><span style=\"vertical-align: inherit;\">Em uma nova aventura, Masha encontra Doze novos amigos no inverno, sendo eles os magos dos Doze Meses do ano, que acreditavam ser apenas um conto de fadas. Fazendo amizade com Janeiro, o Sr. do Gelo, ela embarca em uma jornada inesperada para salvar as f\u00e9rias e fazer as verdadeiramente inesquec\u00edveis. Al\u00e9m disso, ela tem a miss\u00e3o de testemunhar o evento mais lindo de todos: um casamento. No entanto, travessuras selvagens e hil\u00e1rias podem acontecer, como corrida com carrinho de bolo, paraquedas improvisadas com v\u00e9u da noiva e persegui\u00e7\u00e3o de pombos travessos.<\/span><\/span><\/span><\/p>\n<p style=\"font-weight: 400;\"><b><span style=\"vertical-align: inherit;\"><span style=\"vertical-align: inherit;\">SERVI\u00c7O<\/span><\/span><\/b><\/p>\n<p style=\"font-weight: 400;\"><span style=\"font-weight: 400;\"><span style=\"vertical-align: inherit;\"><span style=\"vertical-align: inherit;\">Sess\u00e3o Azul: \u201cMasha e o Urso: Divers\u00e3o em Dobro\u201d<\/span><\/span><\/span><\/p>\n<p style=\"font-weight: 400;\"><b><span style=\"vertical-align: inherit;\"><span style=\"vertical-align: inherit;\">Data <\/span><\/span><\/b><span style=\"font-weight: 400;\"><span style=\"vertical-align: inherit;\"><span style=\"vertical-align: inherit;\">: 24\/2 &#8211; S\u00e1bado<\/span><\/span><\/span><\/p>\n<p style=\"font-weight: 400;\"><b><span style=\"vertical-align: inherit;\"><span style=\"vertical-align: inherit;\">Hor\u00e1rio <\/span><\/span><\/b><span style=\"font-weight: 400;\"><span style=\"vertical-align: inherit;\"><span style=\"vertical-align: inherit;\">: 13h30<\/span><\/span><\/span><\/p>\n<p style=\"font-weight: 400;\"><b><span style=\"vertical-align: inherit;\"><span style=\"vertical-align: inherit;\">Ingressos <\/span><\/span><\/b><span style=\"font-weight: 400;\"><span style=\"vertical-align: inherit;\"><span style=\"vertical-align: inherit;\">: Na bilheteria do cinema ou pelo site <\/span><\/span><\/span><span style=\"vertical-align: inherit;\"><a href=\"https:\/\/www.ingresso.com\/cinema\/cineart-boulevard?city=belo-horizonte#!\" data-saferedirecturl=\"https:\/\/www.google.com\/url?q=https:\/\/www.ingresso.com\/cinema\/cineart-boulevard?city%3Dbelo-horizonte%23!&amp;source=gmail&amp;ust=1708607048702000&amp;usg=AOvVaw27XakgpTD7qYPQsZTgRVvs\"><span style=\"font-weight: 400;\"><span style=\"vertical-align: inherit;\">ingresso.com<\/span><\/span><\/a><\/span><\/p>\n<p style=\"font-weight: 400;\"><i><span style=\"font-weight: 400;\"><span style=\"vertical-align: inherit;\"><span style=\"vertical-align: inherit;\">*Todos t\u00eam direito a meia entrada<\/span><\/span><\/span><\/i><\/p>\n<p style=\"font-weight: 400;\"><b><span style=\"vertical-align: inherit;\"><span style=\"vertical-align: inherit;\">Mais informa\u00e7\u00f5es:<\/span><\/span><\/b><\/p>\n<p style=\"font-weight: 400;\"><a href=\"https:\/\/boulevardshopping.com.br\/\" data-saferedirecturl=\"https:\/\/www.google.com\/url?q=https:\/\/boulevardshopping.com.br\/&amp;source=gmail&amp;ust=1708607048702000&amp;usg=AOvVaw2MB8fJDMtbGslt_pQpE1AL\"><span style=\"font-weight: 400;\"><span style=\"vertical-align: inherit;\"><span style=\"vertical-align: inherit;\">https:\/\/boulevardshopping.com.br\/<\/span><\/span><\/span><\/a><\/p>\n<p style=\"font-weight: 400;\"><a href=\"https:\/\/www.facebook.com\/BoulevardShoppingBH\/\" data-saferedirecturl=\"https:\/\/www.google.com\/url?q=https:\/\/www.facebook.com\/BoulevardShoppingBH\/&amp;source=gmail&amp;ust=1708607048702000&amp;usg=AOvVaw37zIWFgFqUE7RqQ4DVTPUN\"><span style=\"font-weight: 400;\"><span style=\"vertical-align: inherit;\"><span style=\"vertical-align: inherit;\">https:\/\/www.facebook.com\/BoulevardShoppingBH\/<\/span><\/span><\/span><\/a><\/p>\n<p style=\"font-weight: 400;\"><a href=\"https:\/\/www.instagram.com\/boulevardbh\/\" data-saferedirecturl=\"https:\/\/www.google.com\/url?q=https:\/\/www.instagram.com\/boulevardbh\/&amp;source=gmail&amp;ust=1708607048702000&amp;usg=AOvVaw0EWoEJhMHRpdHDh_zAblqL\"><span style=\"font-weight: 400;\"><span style=\"vertical-align: inherit;\"><span style=\"vertical-align: inherit;\">https:\/\/www.instagram.com\/boulevardbh\/<\/span><\/span><\/span><\/a><\/p>\n<p style=\"font-weight: 400;\"><span style=\"font-weight: 400;\">\u00a0<\/span><\/p>\n<p style=\"font-weight: 400;\"><b><span style=\"vertical-align: inherit;\"><span style=\"vertical-align: inherit;\">Sobre o Boulevard Shopping BH<\/span><\/span><\/b><\/p>\n<p style=\"font-weight: 400;\"><span style=\"font-weight: 400;\"><span style=\"vertical-align: inherit;\"><span style=\"vertical-align: inherit;\">Em 2024, o Boulevard Shopping completa 14 anos em Belo Horizonte. Inaugurado em 2010, foi o primeiro grande centro de compras da regi\u00e3o centro-leste da cidade. Administrado pela ALLOS, o shopping se destaca pela beleza do projeto inovador, o Boulevard Corporate Tower \u2013 torre comercial de 17 andares \u2013, a rede de cinema Cineart com a \u00fanica sala IMAX de Minas Gerais, o mix de lojas diferenciado e as novidades constantes e eventos fizeram com que ele se tornasse um dos preferidos dos consumidores mineiros. \u00c9 sede da BeGreen, a primeira fazenda urbana da Am\u00e9rica Latina. Em sua trajet\u00f3ria, o empreendimento j\u00e1 conquistou 18 pr\u00eamios, sete deles internacionais.<\/span><\/span><\/span><\/p>\n","protected":false},"excerpt":{"rendered":"<p>Boulevard Shopping &#8211; Sess\u00e3o Azul &#8211; Divulga\u00e7\u00e3o. A \u00a0sess\u00e3o especial \u00e9 adaptada para crian\u00e7as com transtorno do espectro autista e &hellip; <a class=\"more-link\" href=\"https:\/\/jornalnoticiasdopais.com.br\/index.php\/2024\/02\/21\/boulevard-shopping-exibe-o-filme-masha-e-o-urso-pelo-projeto-sessao-azul-no-sabado-dia-24-de-fevereiro\/\">More<\/a><\/p>\n","protected":false},"author":3,"featured_media":256,"comment_status":"open","ping_status":"open","sticky":false,"template":"","format":"standard","meta":[],"categories":[17],"tags":[],"_links":{"self":[{"href":"https:\/\/jornalnoticiasdopais.com.br\/index.php\/wp-json\/wp\/v2\/posts\/255"}],"collection":[{"href":"https:\/\/jornalnoticiasdopais.com.br\/index.php\/wp-json\/wp\/v2\/posts"}],"about":[{"href":"https:\/\/jornalnoticiasdopais.com.br\/index.php\/wp-json\/wp\/v2\/types\/post"}],"author":[{"embeddable":true,"href":"https:\/\/jornalnoticiasdopais.com.br\/index.php\/wp-json\/wp\/v2\/users\/3"}],"replies":[{"embeddable":true,"href":"https:\/\/jornalnoticiasdopais.com.br\/index.php\/wp-json\/wp\/v2\/comments?post=255"}],"version-history":[{"count":3,"href":"https:\/\/jornalnoticiasdopais.com.br\/index.php\/wp-json\/wp\/v2\/posts\/255\/revisions"}],"predecessor-version":[{"id":258,"href":"https:\/\/jornalnoticiasdopais.com.br\/index.php\/wp-json\/wp\/v2\/posts\/255\/revisions\/258"}],"wp:featuredmedia":[{"embeddable":true,"href":"https:\/\/jornalnoticiasdopais.com.br\/index.php\/wp-json\/wp\/v2\/media\/256"}],"wp:attachment":[{"href":"https:\/\/jornalnoticiasdopais.com.br\/index.php\/wp-json\/wp\/v2\/media?parent=255"}],"wp:term":[{"taxonomy":"category","embeddable":true,"href":"https:\/\/jornalnoticiasdopais.com.br\/index.php\/wp-json\/wp\/v2\/categories?post=255"},{"taxonomy":"post_tag","embeddable":true,"href":"https:\/\/jornalnoticiasdopais.com.br\/index.php\/wp-json\/wp\/v2\/tags?post=255"}],"curies":[{"name":"wp","href":"https:\/\/api.w.org\/{rel}","templated":true}]}}