{"id":233,"date":"2022-02-11T08:00:05","date_gmt":"2022-02-11T11:00:05","guid":{"rendered":"http:\/\/jornalnoticiasdopais.com.br\/?p=233"},"modified":"2022-02-10T17:21:28","modified_gmt":"2022-02-10T20:21:28","slug":"instituto-estacao-das-letras-inaugura-formacoes-literarias-para-mediadores-de-leitura-e-escritores-e-reforca-a-importancia-da-profissionalizacao-norte","status":"publish","type":"post","link":"https:\/\/jornalnoticiasdopais.com.br\/index.php\/2022\/02\/11\/instituto-estacao-das-letras-inaugura-formacoes-literarias-para-mediadores-de-leitura-e-escritores-e-reforca-a-importancia-da-profissionalizacao-norte\/","title":{"rendered":"Instituto Esta\u00e7\u00e3o das Letras inaugura forma\u00e7\u00f5es liter\u00e1rias para Mediadores de Leitura e Escritores e refor\u00e7a a import\u00e2ncia da profissionaliza\u00e7\u00e3o"},"content":{"rendered":"<p style=\"font-weight: 400;\">Considerada um dos grandes desafios da educa\u00e7\u00e3o brasileira, a forma\u00e7\u00e3o de leitores\u00a0passa pela necessidade de profissionais capazes de estimular os potenciais leitores. Uma boa forma\u00e7\u00e3o liter\u00e1ria possibilita tanto o surgimento de cidad\u00e3os leitores como alavanca o surgimento de novos escritores, num pa\u00eds que\u00a0\u00a0perdeu entre os anos de 2015 e 2019 mais de 4,6 milh\u00f5es de leitores, segundo dados da \u00faltima pesquisa Retratos da Leitura no Brasil.<\/p>\n<p style=\"font-weight: 400;\">Esta \u00e9 a an\u00e1lise da diretora do Instituto Esta\u00e7\u00e3o das Letras, mediadora de leitura, curadora de cursos e eventos em Literatura e Mercado Editorial Suzana Vargas e que apresenta ao mercado, em mar\u00e7o de 2022,\u00a0forma\u00e7\u00f5es online, em tempo real, para escritores e mediadores visando exerc\u00edcio competente do seu trabalho, em cursos que levam 10 meses.<\/p>\n<p style=\"font-weight: 400;\">O projeto do Instituto, para preencher uma lacuna no cen\u00e1rio nacional, \u00e9 fruto da experi\u00eancia com escritores iniciantes e pessoas que desejam poder trabalhar texto\/ livros em salas de aula ou fora delas e\u00a0incentivar novos talentos liter\u00e1rios e formar leitores e profissionais da leitura.<\/p>\n<p style=\"font-weight: 400;\">Segundo Suzana Vargas, tanto escrever como trabalhar em sala de aula ou com grupos de leitura pressup\u00f5e um entendimento amplo do livro, da leitura e da literatura, abrangendo aspectos hist\u00f3ricos, t\u00e9cnicos e socioecon\u00f4micos. Bons escritores e\u00a0mediadores de leitura nascem atrav\u00e9s de forma\u00e7\u00f5es s\u00f3lidas .<\/p>\n<p style=\"font-weight: 400;\">&#8211; Ao longo de 27 anos com oficinas de leitura e escrita ficou clara a necessidade de se possuir uma forma\u00e7\u00e3o mais s\u00f3lida no campo liter\u00e1rio. Um escritor \u00e9 sobretudo um grande leitor. Por sua vez o professor ou mediador precisa estar munido de muita informa\u00e7\u00e3o e capacidade de transmiti-la ao p\u00fablico-alvo. Pouqu\u00edssimos cursos oferecem uma forma\u00e7\u00e3o liter\u00e1ria de qualidade que beneficie aqueles aspirantes a escritores ou mediadores e n\u00e3o possuem uma forma\u00e7\u00e3o em Letras.<\/p>\n<p style=\"font-weight: 400;\">Al\u00e9m da\u00a0Forma\u00e7\u00e3o Liter\u00e1ria para Mediadores de Leitura, pensada para atender a demanda daqueles que, exercendo o papel de educadores ou agentes culturais, desejam compreender melhor esse universo, a Forma\u00e7\u00e3o Liter\u00e1ria para Escritores tamb\u00e9m foi concebida para aqueles que desejam ingressar na carreira liter\u00e1ria e necessitam se exercitar nas pr\u00e1ticas textuais, al\u00e9m de compreender melhor o universo dos livros: seus aspectos hist\u00f3ricos, t\u00e9cnicos e socioecon\u00f4micos.<\/p>\n<p style=\"font-weight: 400;\">Os professores e escritores-mentores envolvidos nos dois programas e que conduzem cursos obrigat\u00f3rios e eletivos s\u00e3o profissionais reconhecidos nacional e internacionalmente como Jos\u00e9 Castello, Claudia Lage e Sandra Reim\u00e3o .<\/p>\n<p style=\"font-weight: 400;\">A ideia \u00e9 que essas forma\u00e7\u00f5es deem organicidade ao que at\u00e9 ent\u00e3o vinha sendo feito por meio de cursos livres, que podem continuar sendo buscados por amantes dos g\u00eaneros liter\u00e1rios, da escrita e do mercado editorial.<\/p>\n","protected":false},"excerpt":{"rendered":"<p>Considerada um dos grandes desafios da educa\u00e7\u00e3o brasileira, a forma\u00e7\u00e3o de leitores\u00a0passa pela necessidade de profissionais capazes de estimular os &hellip; <a class=\"more-link\" href=\"https:\/\/jornalnoticiasdopais.com.br\/index.php\/2022\/02\/11\/instituto-estacao-das-letras-inaugura-formacoes-literarias-para-mediadores-de-leitura-e-escritores-e-reforca-a-importancia-da-profissionalizacao-norte\/\">More<\/a><\/p>\n","protected":false},"author":4,"featured_media":234,"comment_status":"open","ping_status":"open","sticky":false,"template":"","format":"standard","meta":[],"categories":[17,7,33,23],"tags":[34],"_links":{"self":[{"href":"https:\/\/jornalnoticiasdopais.com.br\/index.php\/wp-json\/wp\/v2\/posts\/233"}],"collection":[{"href":"https:\/\/jornalnoticiasdopais.com.br\/index.php\/wp-json\/wp\/v2\/posts"}],"about":[{"href":"https:\/\/jornalnoticiasdopais.com.br\/index.php\/wp-json\/wp\/v2\/types\/post"}],"author":[{"embeddable":true,"href":"https:\/\/jornalnoticiasdopais.com.br\/index.php\/wp-json\/wp\/v2\/users\/4"}],"replies":[{"embeddable":true,"href":"https:\/\/jornalnoticiasdopais.com.br\/index.php\/wp-json\/wp\/v2\/comments?post=233"}],"version-history":[{"count":1,"href":"https:\/\/jornalnoticiasdopais.com.br\/index.php\/wp-json\/wp\/v2\/posts\/233\/revisions"}],"predecessor-version":[{"id":235,"href":"https:\/\/jornalnoticiasdopais.com.br\/index.php\/wp-json\/wp\/v2\/posts\/233\/revisions\/235"}],"wp:featuredmedia":[{"embeddable":true,"href":"https:\/\/jornalnoticiasdopais.com.br\/index.php\/wp-json\/wp\/v2\/media\/234"}],"wp:attachment":[{"href":"https:\/\/jornalnoticiasdopais.com.br\/index.php\/wp-json\/wp\/v2\/media?parent=233"}],"wp:term":[{"taxonomy":"category","embeddable":true,"href":"https:\/\/jornalnoticiasdopais.com.br\/index.php\/wp-json\/wp\/v2\/categories?post=233"},{"taxonomy":"post_tag","embeddable":true,"href":"https:\/\/jornalnoticiasdopais.com.br\/index.php\/wp-json\/wp\/v2\/tags?post=233"}],"curies":[{"name":"wp","href":"https:\/\/api.w.org\/{rel}","templated":true}]}}