{"id":222,"date":"2022-01-14T12:00:52","date_gmt":"2022-01-14T15:00:52","guid":{"rendered":"http:\/\/jornalnoticiasdopais.com.br\/?p=222"},"modified":"2022-01-14T12:17:45","modified_gmt":"2022-01-14T15:17:45","slug":"mostra-movimento-armorial-50-anos-abre-novo-ciclo-de-atracoes-com-encontros-musicais-e-conversas","status":"publish","type":"post","link":"https:\/\/jornalnoticiasdopais.com.br\/index.php\/2022\/01\/14\/mostra-movimento-armorial-50-anos-abre-novo-ciclo-de-atracoes-com-encontros-musicais-e-conversas\/","title":{"rendered":"Mostra Movimento Armorial 50 Anos abre novo ciclo de atra\u00e7\u00f5es com encontros musicais e conversas"},"content":{"rendered":"<p style=\"font-weight: 400; text-align: center;\"><strong><em>De 12 de Janeiro a 25 de Fevereiro de 2022<\/em><\/strong><\/p>\n<p style=\"font-weight: 400;\">A Mostra Movimento Armorial 50 Anos &#8211; que acontece no Centro Cultural Banco do Brasil Belo Horizonte &#8211; abre um\u00a0<strong>novo ciclo de atra\u00e7\u00f5es<\/strong>, de\u00a0<strong>12 de janeiro a 25 de fevereiro<\/strong>\u00a0&#8211; com\u00a0<strong>Encontros Musicais e Conversas sobre a Arte Armorial<\/strong>. Uma oportunidade imperd\u00edvel para quem quiser conferir de perto as v\u00e1rias faces do Movimento e o universo m\u00e1gico do mestre Ariano Suassuna na\u00a0<strong>m\u00fasica, dan\u00e7a, literatura, teatro e artes visuais com entrada gratuita<\/strong>.<\/p>\n<p style=\"font-weight: 400;\"><strong>Encontros musicais<\/strong><\/p>\n<p style=\"font-weight: 400;\">Os encontros musicais \u2013 marcados para acontecer sempre das 20h \u00e0s 22h, no Teatro I do CCBB &#8211; j\u00e1 come\u00e7am em grande estilo nesta\u00a0<strong>quarta-feira, dia 12 de janeiro<\/strong>. Quem abre a programa\u00e7\u00e3o \u00e9 o duo Ana de Oliveira (violino) e S\u00e9rgio Raz (viol\u00e3o), representando o Rio de Janeiro. A dupla traz para o p\u00fablico o\u00a0<em>Concerto 50 Anos do Movimento Armorial.<\/em><\/p>\n<p style=\"font-weight: 400;\">No dia\u00a0<strong>19 de janeiro<\/strong>, a atra\u00e7\u00e3o vem do Paran\u00e1. Trata-se do Grupo Rosa Armorial, que produz espet\u00e1culos e composi\u00e7\u00f5es inspiradas no Movimento Armorial.\u00a0 E no dia\u00a0<strong>20 de janeiro<\/strong>, Antonio N\u00f3brega chega com toda sua gra\u00e7a, versatilidade e talento. O multiartista vai apresentar aos mineiros e aos visitantes um vibrante e emotivo\u00a0<em>Recital para Ariano Suassuna<\/em>.<\/p>\n<p style=\"font-weight: 400;\">Da Para\u00edba, chegam nos\u00a0<strong>dias 23 e 25 de fevereiro<\/strong>, respectivamente, o premiad\u00edssimo\u00a0<strong>Quinteto da Para\u00edba<\/strong>\u00a0e o\u00a0<strong>Trio Lancinante<\/strong>, que fecha o ciclo dos Encontros Musicais com participa\u00e7\u00e3o especial da cantora Let\u00edcia Toran\u00e7a. O espet\u00e1culo intitulado\u00a0<em>Amanhec\u00eancia<\/em>, que faz sua estreia em Belo Horizonte, \u00e9 o primeiro em estilo po\u00e9tico instrumental do Trio.<\/p>\n<p style=\"font-weight: 400;\"><strong>Conversas<\/strong><\/p>\n<p style=\"font-weight: 400;\">A s\u00e9rie Conversas sobre a Arte Armorial \u2013 das 19h \u00e0s 21h, no Teatro I do CCBB &#8211; ser\u00e1 aberta no pr\u00f3ximo\u00a0<strong>14 de janeiro<\/strong>. A programa\u00e7\u00e3o, neste dia, fica por conta de um tema muito representativo:\u00a0<em>O Romanceiro Popular Nordestino e a Literatura Armorial<\/em>. Os palestrantes s\u00e3o Alexei Bueno e Andr\u00e9 Seffrin. Dois nomes consagrados no panorama da atual cr\u00edtica liter\u00e1ria brasileira.<\/p>\n<p style=\"font-weight: 400;\">No\u00a0<strong>dia 15 de janeiro<\/strong>, a programa\u00e7\u00e3o conta com a participa\u00e7\u00e3o de dois convidados especiais. O artista pl\u00e1stico Manuel Dantas Suassuna, filho de Ariano e consultor geral da Mostra, al\u00e9m de Ricardo Gouveia de Melo, designer gr\u00e1fico que assina a identidade visual da exposi\u00e7\u00e3o Armorial 50, coautor da tipologia armorial e respons\u00e1vel pelas capas e projetos gr\u00e1ficos das mais recentes edi\u00e7\u00f5es de Ariano Suassuna. Dantas e Ricardo exploram o tema\u00a0<em>Artes Visuais no Universo Armorial<\/em>.<\/p>\n<p style=\"font-weight: 400;\">A conversa sobre a\u00a0<em>Dramaturgia Armorial<\/em>\u00a0ganha espa\u00e7o no dia\u00a0<strong>16 de janeiro<\/strong>. Ter\u00e1 como convidados a atriz e diretora teatral, Inez Viana, e Br\u00e1ulio Tavares (escritor, dramaturgo, compositor e poeta).<\/p>\n<p style=\"font-weight: 400;\">Sobre a\u00a0<em>M\u00fasica Armorial<\/em>, o p\u00fablico poder\u00e1 desfrutar, mais uma vez, no\u00a0<strong>dia 21 de janeiro<\/strong>, de toda graciosidade, talento e saberes do multiartista Antonio N\u00f3brega e da int\u00e9rprete Isaar Fran\u00e7a &#8211; que teve participa\u00e7\u00e3o em v\u00e1rias Aulas-Espet\u00e1culo ministradas por Ariano Suassuna.<\/p>\n<p style=\"font-weight: 400;\">Encerrando a s\u00e9rie de Conversas,\u00a0<strong>dia 22 de janeiro<\/strong>, o tema \u00e9 a\u00a0<em>Dan\u00e7a Armorial<\/em>. E nada melhor do que um descontra\u00eddo encontro com a bailarina Maria Paula Costa R\u00eago e o brincante e bailarino popular Pedro Salustiano.<\/p>\n<p style=\"font-weight: 400;\"><strong>Curadoria<\/strong><\/p>\n<p style=\"font-weight: 400;\">Para a nova etapa da Mostra Movimento Armorial 50 Anos, a produtora Regina Rosa de Godoy convidou dois grandes conhecedores do Movimento. Para as palestras, a curadoria e media\u00e7\u00e3o \u00e9 o do professor, escritor e especialista na obra de Ariano, Carlos Newton J\u00fanior, que tamb\u00e9m integra o time de cria\u00e7\u00e3o da exposi\u00e7\u00e3o. Na m\u00fasica, quem vai dar as coordenadas \u00e9 o maestro, violonista e compositor Ant\u00f4nio Jos\u00e9 Madureira que, no surgimento do Movimento, conduziu o Quinteto Armorial, posteriormente o Quarteto Roman\u00e7al e segue, at\u00e9 hoje, perpetuando a proposta lan\u00e7ada por Ariano Suassuna, de criar a m\u00fasica Armorial.<\/p>\n<p style=\"font-weight: 400;\"><strong>A entrada \u00e9 gratuita tanto para os shows quanto para as conversas. Os ingressos podem ser retirados em\u00a0<\/strong><a href=\"http:\/\/bb.com.br\/cultura\" data-saferedirecturl=\"https:\/\/www.google.com\/url?q=http:\/\/bb.com.br\/cultura&amp;source=gmail&amp;ust=1642257650346000&amp;usg=AOvVaw0b2JzHa67PyPKGLu5qF5m9\"><strong>bb.com.br\/cultura<\/strong><\/a><strong>.<\/strong><\/p>\n<p style=\"font-weight: 400;\"><strong>Confira mais informa\u00e7\u00f5es sobre os curadores e os seus convidados:<\/strong><strong>\u00a0<\/strong><\/p>\n<p style=\"font-weight: 400;\"><strong><u>Espet\u00e1culos de M\u00fasica Armorial \u2013 Teatro I<\/u><\/strong><\/p>\n<p style=\"font-weight: 400;\"><strong>Curadoria &#8211; Ant\u00f4nio Madureira<\/strong><\/p>\n<p style=\"font-weight: 400;\">Madureira foi o marco para o que Ariano determinaria como est\u00e9tica da m\u00fasica armorial. Foi escolhido por ele para ser o l\u00edder do Quinteto Armorial. Um pesquisador nato das mais profundas ra\u00edzes da m\u00fasica popular do nordeste. \u201cPorque, na minha opini\u00e3o, a m\u00fasica de Ant\u00f4nio Madureira tem, para o Brasil, a mesma import\u00e2ncia que a gravura de Gilvan Samico, o romance de Guimar\u00e3es Rosa e a poesia de Jo\u00e3o Cabral de Melo Neto.&#8221; Ariano Suassuna .<\/p>\n<p style=\"font-weight: 400;\"><strong>12\/01\/2022\u00a0<\/strong><\/p>\n<p style=\"font-weight: 400;\"><strong>Duo Ana de Oliveira e S\u00e9rgio Raz \u2013 Concerto 50 Anos do Movimento Armorial \u2013 das 20h \u00e0s 22h<\/strong><\/p>\n<p style=\"font-weight: 400;\"><strong>Ana de Oliveira<\/strong>\u00a0\u2013 Violino, violino el\u00e9trico e rabeca. Estudiosa da m\u00fasica, com v\u00e1rias especializa\u00e7\u00f5es, tem uma vasta e expressiva trajet\u00f3ria profissional. Apresentou se como solista com diversas orquestras no Brasil e na Europa e como camerista em importantes festivais, entre eles Montreux (Su\u00ed\u00e7a), La Villette (Fran\u00e7a), Warschauer Herbst (Pol\u00f4nia), Donaueschingen (Alemanha), MIMO Festival Brasil e Portugal, Campos do Jord\u00e3o, Festival Villa-Lobos. \u00c9 spalla da Orquestra Sinf\u00f4nica Nacional da Universidade Federal Fluminense.<\/p>\n<p style=\"font-weight: 400;\"><strong>S\u00e9rgio Raz<\/strong>\u00a0\u2013 Viol\u00e3o de 6 cordas, viol\u00e3o de 8 cordas, viola de 12 cordas e guitarra el\u00e9trica. S\u00e9rgio Raz tem um rico trabalhoautoral que contempla desde M\u00fasica Armorial, Jazz, Flamenco e M\u00fasica Eletroac\u00fastica registrado em vasta discografia. Trabalhou durante 15 anos nas Aulas-Espet\u00e1culo de Ariano Suassuna. Tamb\u00e9m integrou o Quarteto Roman\u00e7al, criado e liderado por Ant\u00f3nio Madureira.<\/p>\n<p style=\"font-weight: 400;\"><strong>19\/01\/2022<\/strong><\/p>\n<p style=\"font-weight: 400;\"><strong>Grupo Rosa Armorial \u2013 das 20h \u00e0s 22h<\/strong><\/p>\n<p style=\"font-weight: 400;\">Grupo paranaense que produz espet\u00e1culos e composi\u00e7\u00f5es musicais inspiradas no Movimento Armorial, que busca valorizar as manifesta\u00e7\u00f5es culturais populares o Grupo \u00e9 formado por: Marcela Zanette nas flautas, Carla Zago no violino, Du Gomide na viola caipira, viol\u00e3o, rabeca e c\u00edtara, Bruna Buschle no contrabaixo, Gabriela Bruel na percuss\u00e3o e Denis Mariano na bateria e percuss\u00e3o(percuteria).<\/p>\n<p style=\"font-weight: 400;\">O grupo tem no seu repert\u00f3rio m\u00fasicas de compositores consagrados do movimento como Ant\u00f4nio Madureira, Egildo Vieira, Antonio N\u00f3brega e C\u00e9sar Guerra-Peixe, al\u00e9m de resgatar o conceito armorial na cria\u00e7\u00e3o de arranjos refinados para m\u00fasicas do folclore paranaense e de m\u00fasicas de compositores de todas as regi\u00f5es do pa\u00eds, reunindo o popular com o erudito, resultando numa sonoridade genuinamente brasileira.<\/p>\n<p style=\"font-weight: 400;\"><strong>20\/01\/2022<\/strong><\/p>\n<p style=\"font-weight: 400;\"><strong>Antonio N\u00f3brega em Um Recital para Ariano \u2013 20h \u00e0s 22h<\/strong><\/p>\n<p style=\"font-weight: 400;\">O multiartista Antonio N\u00f3brega \u2013 que integrou, na origem, o Quinteto Armorial \u2013 \u00e9 apontado pelo curador Ant\u00f4nio Madureira como uma s\u00edntese da arte e da est\u00e9tica Armorial. Um Recital para Ariano \u00e9 composto de romances, poemas, martelos agalopados e toques instrumentais marcados, sobretudo, pelo esp\u00edrito do sert\u00e3o. Regi\u00e3o que tanto inspirou o mestre Ariano e o Movimento Armorial. Essa viagem musical ser\u00e1 entremeada por falas, reflex\u00f5es e hist\u00f3rias que marcam a conviv\u00eancia entre ambos e, sobretudo, refletem a vis\u00e3o de N\u00f3brega sobre o\u00a0<strong>Cavaleiro da Alegre Figura Ariano Suassuna<\/strong>, como ele gosta de se referir ao mestre.<\/p>\n<p style=\"font-weight: 400;\"><strong>Dire\u00e7\u00e3o art\u00edstica<\/strong>: Antonio N\u00f3brega; Dire\u00e7\u00e3o musical: Edmilson Capelupi;<\/p>\n<p style=\"font-weight: 400;\"><strong>M\u00fasicos<\/strong>:\u00a0 Antonio N\u00f3brega: voz, violino, viol\u00e3o e bandolim, Edmilson Capelupi: viol\u00e3o de 7 cordas e cavaquinho; Cleber Almeida: pandeiro e percuss\u00e3o.<\/p>\n<p style=\"font-weight: 400;\"><strong>23\/02\/2022<\/strong><\/p>\n<p style=\"font-weight: 400;\"><strong>Quinteto da Para\u00edba \u2013 das 20h \u00e0s 22h<\/strong><\/p>\n<p style=\"font-weight: 400;\">Com tr\u00eas d\u00e9cadas no Departamento de M\u00fasica do CCTA\/UFPB, \u00e9 hoje um dos mais renomados grupos de m\u00fasica de c\u00e2mara do Brasil. Trafegando com versatilidade entre a m\u00fasica de concerto e a m\u00fasica popular, o Quinteto da Para\u00edba tem 6 CDs gravados entre eles (Armorial &amp; Piazzolla, M\u00fasica Armorial, Capiba &amp; Gonzag\u00e3o, A Pedra do Reino, Nau Capit\u00e2nia de Itamarac\u00e1 e Ao Vivo em New York), al\u00e9m de realizar shows, concertos e turn\u00eas no Brasil e no exterior. O Quinteto da Para\u00edba surgiu com a proposta de divulgar a obra de compositores brasileiros, mas \u00e9 no Nordeste do Brasil que encontra sua mais pura inspira\u00e7\u00e3o. Embaixador desta rica vertente musical, o grupo que \u00e9 considerado o respons\u00e1vel pelo resgate do Movimento Armorial, conquistou m\u00e9ritos da cr\u00edtica especializada nacional e internacional.<\/p>\n<p style=\"font-weight: 400;\"><strong>Forma\u00e7\u00e3o<\/strong>:<\/p>\n<p style=\"font-weight: 400;\">Ronedilk Dantas &#8211; 1\u00ba violino; Anderson Carvalho &#8211; 2\u00ba violino; Ulisses Silva &#8211; viola<\/p>\n<p style=\"font-weight: 400;\">Nilson Galv\u00e3o \u2013 violoncelo; Xisto Medeiros \u2013 contrabaixo<\/p>\n<p style=\"font-weight: 400;\"><strong>25\/02\/2022<\/strong><\/p>\n<p style=\"font-weight: 400;\"><strong>Trio Lancinante, com participa\u00e7\u00e3o especial de Let\u00edcia Toran\u00e7a \u2013 das 20h \u00e0s 22h<\/strong><\/p>\n<p style=\"font-weight: 400;\"><em>Espet\u00e1culo Amanhec\u00eancia<\/em>\u00a0&#8211; Integrado por Francisco Andrade (viola e viol\u00e3o), Ravi Shankar Viana (corne ingl\u00eas e obo\u00e9) e Teresa Cristina (violoncelo). Em Belo Horizonte, eles contar\u00e3o com a participa\u00e7\u00e3o especial da cantora Leticia Toran\u00e7a, do Rio Grande do Sul, dona de uma bela voz e que traz na bagagem participa\u00e7\u00e3o em uma s\u00e9rie de espet\u00e1culos e festivais no pa\u00eds.<\/p>\n<p style=\"font-weight: 400;\"><strong><u>Conversas sobre Arte Armorial \u2013 Teatro I<\/u><\/strong><\/p>\n<p style=\"font-weight: 400;\"><strong>Curadoria e Media\u00e7\u00e3o<\/strong>\u00a0&#8211; Carlos Newton J\u00fanior<\/p>\n<p style=\"font-weight: 400;\">Professor da Universidade Federal de Pernambuco, escritor, poeta e pesquisador, dedica-se h\u00e1 mais de trinta anos \u00e0 obra de Ariano Suassuna, de quem foi amigo pessoal. Publicou artigos, ensaios e livros, atuou como consultor em v\u00e1rios projetos relacionados \u00e0 obra de Ariano Suassuna, a exemplo de exposi\u00e7\u00f5es, filmes e document\u00e1rios em v\u00eddeo, e foi palestrante em diversas universidades brasileiras.<\/p>\n<p style=\"font-weight: 400;\"><strong>14\/01\/2022<\/strong><\/p>\n<p style=\"font-weight: 400;\"><strong>Literatura<\/strong><\/p>\n<p style=\"font-weight: 400;\"><strong>Tema: O romanceiro popular nordestino e a literatura armorial &#8211; das 19h \u00e0s 21h\u00a0<\/strong><\/p>\n<p style=\"font-weight: 400;\">As formas po\u00e9ticas dos cantadores. Os princ\u00edpios da po\u00e9tica armorial na literatura. Poesia oral e poesia escrita. A Pedra do Reino e o seu tempo. As Iluminogravuras enquanto experi\u00eancia de fus\u00e3o da literatura com as artes pl\u00e1sticas.<\/p>\n<p style=\"font-weight: 400;\"><strong>Alexei Bueno<\/strong>\u00a0\u2013 poeta, cr\u00edtico liter\u00e1rio, cr\u00edtico de arte e ensa\u00edsta com extensa obra publicada.<\/p>\n<p style=\"font-weight: 400;\"><strong>Andr\u00e9 Seffrin<\/strong>\u00a0\u2013 cr\u00edtico liter\u00e1rio, cr\u00edtico de arte e ensa\u00edsta com extensa obra publicada.<\/p>\n<p style=\"font-weight: 400;\"><strong>15\/01\/2022<\/strong><\/p>\n<p style=\"font-weight: 400;\"><strong>Artes Visuais<\/strong><\/p>\n<p style=\"font-weight: 400;\"><strong>Tema: As artes visuais no universo armorial &#8211; das 19h \u00e0s 21h\u00a0<\/strong><\/p>\n<p style=\"font-weight: 400;\">A xilogravura popular nordestina e as caracter\u00edsticas da pintura armorial. A escultura, a cer\u00e2mica e a tape\u00e7aria armoriais. A xilogravura de Gilvan Samico. As artes visuais ligadas ao Movimento Armorial na contemporaneidade. A obra do artista pl\u00e1stico Manuel Dantas Suassuna. O design gr\u00e1fico e a tipologia armoriais.<\/p>\n<p style=\"font-weight: 400;\"><strong>Manuel Dantas Suassuna<\/strong>\u00a0\u2014 artista pl\u00e1stico\/visual ligado ao Movimento Armorial, filho do escritor Ariano Suassuna.<\/p>\n<p style=\"font-weight: 400;\"><strong>Ricardo Gouveia de Melo<\/strong>\u00a0\u2014 designer gr\u00e1fico, coautor da tipologia armorial e respons\u00e1vel pelas capas e projetos gr\u00e1ficos das mais recentes edi\u00e7\u00f5es de Ariano Suassuna, publicadas pela editora Nova Fronteira.<\/p>\n<p style=\"font-weight: 400;\"><strong>16\/01\/2022<\/strong><\/p>\n<p style=\"font-weight: 400;\"><strong>Teatro<\/strong><\/p>\n<p style=\"font-weight: 400;\"><strong>Tema: A dramaturgia armorial &#8211; das 19h \u00e0s 21h\u00a0<\/strong><\/p>\n<p style=\"font-weight: 400;\">Origens do teatro armorial. As trag\u00e9dias e as com\u00e9dias de Ariano Suassuna e sua influ\u00eancia para o estabelecimento de um \u201cteatro do Nordeste\u201d. As montagens da obra de Ariano Suassuna e os pressupostos da po\u00e9tica armorial: cen\u00e1rios, figurinos, m\u00fasica etc. O teatro armorial enquanto arte de s\u00edntese. Teatro armorial, cinema e televis\u00e3o.<\/p>\n<p style=\"font-weight: 400;\"><strong>Inez Viana<\/strong>\u00a0\u2014 Atriz e diretora teatral, com larga experi\u00eancia no teatro, na televis\u00e3o e no cinema, tendo dirigido recentemente duas montagens de pe\u00e7as de Ariano Suassuna.<\/p>\n<p style=\"font-weight: 400;\"><strong>Braulio Tavares<\/strong>\u00a0\u2014 Escritor, dramaturgo, compositor e poeta, autor de artigos e livros sobre a cultura popular e a obra de Ariano Suassuna, tendo trabalhado em adapta\u00e7\u00f5es da obra de Suassuna para o cinema e a televis\u00e3o.<\/p>\n<p style=\"font-weight: 400;\"><strong>21\/01\/2022<\/strong><\/p>\n<p style=\"font-weight: 400;\"><strong>M\u00fasica<\/strong><\/p>\n<p style=\"font-weight: 400;\"><strong>Tema: Os romances nordestinos e a m\u00fasica armorial &#8211; das 19h \u00e0s 21h\u00a0<\/strong><\/p>\n<p style=\"font-weight: 400;\">Trajet\u00f3ria do Quinteto Armorial. A Orquestra Armorial e a Orquestra Roman\u00e7al Brasileira. O canto na m\u00fasica armorial. A experi\u00eancia do canto armorial nas Aulas-Espet\u00e1culo de Ariano Suassuna. Influ\u00eancias da m\u00fasica armorial na cena musical brasileira. Discografia armorial.<\/p>\n<p style=\"font-weight: 400;\"><strong>Antonio N\u00f3brega<\/strong>\u00a0\u2014 M\u00fasico, multi-instrumentista, compositor, cantor, ator e bailarino, ex-integrante do Quinteto Armorial.<\/p>\n<p style=\"font-weight: 400;\"><strong>Isaar Fran\u00e7a<\/strong>\u00a0\u2014 Int\u00e9rprete, tendo participado de v\u00e1rias Aulas-Espet\u00e1culo ministradas por Ariano Suassuna.<\/p>\n<p style=\"font-weight: 400;\"><strong>22\/01\/2022<\/strong><\/p>\n<p style=\"font-weight: 400;\"><strong>Dan\u00e7a<\/strong><\/p>\n<p style=\"font-weight: 400;\"><strong>Tema: As experi\u00eancias da dan\u00e7a armorial, do Bal\u00e9 Armorial ao Grupo Grial &#8211; das 19h \u00e0s 21h\u00a0<\/strong><\/p>\n<p style=\"font-weight: 400;\">Os espet\u00e1culos populares, a dan\u00e7a popular e a dan\u00e7a armorial. As experi\u00eancias de dan\u00e7a nas Aulas-Espet\u00e1culo.<\/p>\n<p style=\"font-weight: 400;\"><strong>Maria Paula Costa R\u00eago<\/strong>\u00a0\u2014 Bailarina e core\u00f3grafa, foi a fundadora, com Ariano Suassuna, do Grupo Grial, al\u00e9m de ter assinado a coreografia de v\u00e1rios n\u00fameros de dan\u00e7a apresentados nas Aulas-Espet\u00e1culo.<\/p>\n<p style=\"font-weight: 400;\"><strong>Pedro Salustiano<\/strong>\u00a0\u2014 Brincante e bailarino popular, com participa\u00e7\u00e3o em v\u00e1rias Aulas-Espet\u00e1culo ministradas por Ariano Suassuna.<\/p>\n<p style=\"font-weight: 400;\"><strong><u>SERVI\u00c7O<\/u><\/strong><\/p>\n<p style=\"font-weight: 400;\"><strong>Eventos Complementares<\/strong><\/p>\n<p style=\"font-weight: 400;\"><strong>Mostra Movimento Armorial 50 Anos<\/strong><\/p>\n<p style=\"font-weight: 400;\"><strong><u>Espet\u00e1culos de M\u00fasica Armorial \u2013 Teatro I<\/u><\/strong><\/p>\n<p style=\"font-weight: 400;\">Datas: 12, 19 e 20 de janeiro de 2022<\/p>\n<p style=\"font-weight: 400;\">23 e 25 de fevereiro de 2022<\/p>\n<p style=\"font-weight: 400;\">Hor\u00e1rio: das 20h \u00e0s 22h<\/p>\n<p style=\"font-weight: 400;\"><strong><u>Conversas Sobre Arte Armorial \u2013 Teatro I<\/u><\/strong><\/p>\n<p style=\"font-weight: 400;\">Datas: 14, 15, 16 e 21 e 22 de janeiro de 2022<\/p>\n<p style=\"font-weight: 400;\">Hor\u00e1rio: das 19h \u00e0s 21h<\/p>\n<p style=\"font-weight: 400;\"><strong>Presencial<\/strong><\/p>\n<p style=\"font-weight: 400;\"><strong>Entrada gratuita \u2013 Ingressos em\u00a0<\/strong><a href=\"http:\/\/bb.com.br\/cultura\" data-saferedirecturl=\"https:\/\/www.google.com\/url?q=http:\/\/bb.com.br\/cultura&amp;source=gmail&amp;ust=1642257650346000&amp;usg=AOvVaw0b2JzHa67PyPKGLu5qF5m9\"><strong>bb.com.br\/cultura<\/strong><\/a><\/p>\n<p style=\"font-weight: 400;\"><strong>\u00a0<\/strong><\/p>\n<p style=\"font-weight: 400;\"><strong>Funcionamento do CCBB BH<\/strong><\/p>\n<p style=\"font-weight: 400;\">Quarta a segunda, das 10h \u00e0s 22h (fechado \u00e0s ter\u00e7as-feiras)<\/p>\n<p style=\"font-weight: 400;\">Mais informa\u00e7\u00f5es: (31) 3431-9400<\/p>\n<p style=\"font-weight: 400;\"><strong>Endere\u00e7o e contato:<\/strong><\/p>\n<p style=\"font-weight: 400;\">Pra\u00e7a da Liberdade, 450 &#8211; Belo Horizonte &#8211; MG\/Brasil<\/p>\n<p style=\"font-weight: 400;\"><strong>Email<\/strong>:\u00a0<a href=\"mailto:ccbbbh@bb.com.br\">ccbbbh@bb.com.br<\/a><\/p>\n<p style=\"font-weight: 400;\"><strong>Biciclet\u00e1rio<\/strong>: Rua Sergipe com Avenida Brasil;<\/p>\n<p style=\"font-weight: 400;\"><strong>Balc\u00e3o de informa\u00e7\u00f5es<\/strong>: t\u00e9rreo &#8211; atendente bil\u00edngue (portugu\u00eas\/ingl\u00eas);<\/p>\n<p style=\"font-weight: 400;\"><strong>Terminais de Autoatendimento BB<\/strong>: t\u00e9rreo<\/p>\n<p style=\"font-weight: 400;\"><strong>Frald\u00e1rio<\/strong>: P\u00e1tio<\/p>\n<p style=\"font-weight: 400;\"><strong>Livraria da Pra\u00e7a<\/strong>: t\u00e9rreo<\/p>\n<p style=\"font-weight: 400;\"><strong>Redes Sociais<\/strong><\/p>\n<p style=\"font-weight: 400;\">Facebook:\u00a0<a href=\"http:\/\/ccbb.bh\/\" data-saferedirecturl=\"https:\/\/www.google.com\/url?q=http:\/\/ccbb.bh&amp;source=gmail&amp;ust=1642257650346000&amp;usg=AOvVaw2NKH2I2U6EcGhMm2DWFqUl\">ccbb.bh<\/a><\/p>\n<p style=\"font-weight: 400;\">Twitter: ccbb_bh<\/p>\n<p style=\"font-weight: 400;\">Instagram: @ccbbbh<\/p>\n<p style=\"font-weight: 400;\">Site:\u00a0<a href=\"http:\/\/bb.com.br\/cultura\" data-saferedirecturl=\"https:\/\/www.google.com\/url?q=http:\/\/bb.com.br\/cultura&amp;source=gmail&amp;ust=1642257650346000&amp;usg=AOvVaw0b2JzHa67PyPKGLu5qF5m9\">bb.com.br\/cultura<\/a><\/p>\n<p style=\"font-weight: 400;\"><strong>\u00a0<\/strong><\/p>\n<p style=\"font-weight: 400;\"><strong>Circuito Liberdade<\/strong><\/p>\n<p style=\"font-weight: 400;\">O Centro Cultural Banco do Brasil \u00e9 integrante do Circuito Liberdade, complexo cultural sob gest\u00e3o da Secretaria de Estado de Cultura e Turismo (Secult) e que re\u00fane diversos espa\u00e7os com as mais variadas formas de manifesta\u00e7\u00e3o de arte e cultura em transversalidade com o turismo. Trabalhando em rede, as atividades dos equipamentos parceiros ao Circuito buscam desenvolvimento humano, cultural, tur\u00edstico, social e econ\u00f4mico, com foco na economia criativa como mecanismo de gera\u00e7\u00e3o de emprego e renda, al\u00e9m da democratiza\u00e7\u00e3o e amplia\u00e7\u00e3o do acesso da popula\u00e7\u00e3o \u00e0s atividades propostas. Acesse o site do CCBB em:\u00a0<a href=\"http:\/\/bb.com.br\/cultura\" data-saferedirecturl=\"https:\/\/www.google.com\/url?q=http:\/\/bb.com.br\/cultura&amp;source=gmail&amp;ust=1642257650346000&amp;usg=AOvVaw0b2JzHa67PyPKGLu5qF5m9\">bb.com.br\/cultura<\/a>.<\/p>\n<p style=\"font-weight: 400;\"><strong>Protocolo de funcionamento do CCBB durante a pandemia de Covid-19<\/strong><\/p>\n<p style=\"font-weight: 400;\">Para acesso ao pr\u00e9dio do CCBB Belo Horizonte \u00e9 indispens\u00e1vel a emiss\u00e3o de ingresso online. Antes de agendar sua visita, leia com aten\u00e7\u00e3o as informa\u00e7\u00f5es dispon\u00edveis em\u00a0<a href=\"http:\/\/bb.com.br\/cultura\" data-saferedirecturl=\"https:\/\/www.google.com\/url?q=http:\/\/bb.com.br\/cultura&amp;source=gmail&amp;ust=1642257650346000&amp;usg=AOvVaw0b2JzHa67PyPKGLu5qF5m9\">bb.com.br\/cultura<\/a>, que fazem parte do novo protocolo de funcionamento do CCBB Belo Horizonte, conforme Decreto Municipal 17.361 de 22 de maio de 2020.<\/p>\n<p style=\"font-weight: 400;\">&#8211;\u00a0 Hor\u00e1rio de funcionamento: de quarta a segunda, das 10h \u00e0s 22h.<\/p>\n<p style=\"font-weight: 400;\">&#8211;\u00a0 Bilheteria: n\u00e3o h\u00e1 bilheteria f\u00edsica, os ingressos devem ser emitidos pelo site\u00a0<a href=\"http:\/\/bb.com.br\/cultura\" data-saferedirecturl=\"https:\/\/www.google.com\/url?q=http:\/\/bb.com.br\/cultura&amp;source=gmail&amp;ust=1642257650346000&amp;usg=AOvVaw0b2JzHa67PyPKGLu5qF5m9\">bb.com.br\/cultura<\/a>\u00a0com apresenta\u00e7\u00e3o do QR Code na entrada do CCBB.<\/p>\n<p style=\"font-weight: 400;\">&#8211;\u00a0 Acesso ao pr\u00e9dio: ser\u00e1 permitido apenas com agendamento pelo site\u00a0<a href=\"http:\/\/bb.com.br\/cultura\" data-saferedirecturl=\"https:\/\/www.google.com\/url?q=http:\/\/bb.com.br\/cultura&amp;source=gmail&amp;ust=1642257650346000&amp;usg=AOvVaw0b2JzHa67PyPKGLu5qF5m9\">bb.com.br\/cultura<\/a>. Lembramos que o n\u00famero de pessoas que podem agendar visita\u00e7\u00e3o em cada hor\u00e1rio \u00e9 limitado e que n\u00e3o ser\u00e1 poss\u00edvel reagendar novamente a visita.<\/p>\n<p style=\"font-weight: 400;\">&#8211;\u00a0 O ingresso \u00e9 v\u00e1lido para o dia e hor\u00e1rio agendados.<\/p>\n<p style=\"font-weight: 400;\">&#8211; \u00a0Guarda-volumes: est\u00e1 suspenso. Use somente o indispens\u00e1vel para sua visita.<\/p>\n<p style=\"font-weight: 400;\">&#8211;\u00a0 N\u00e3o \u00e9 permitida a entrada nas salas de exposi\u00e7\u00e3o portando mochilas ou malas.<\/p>\n<p style=\"font-weight: 400;\">&#8211;\u00a0 Bebedouros: os bebedouros foram adaptados e a utiliza\u00e7\u00e3o \u00e9 somente para coleta de \u00e1gua com recipientes individuais.<\/p>\n<p style=\"font-weight: 400;\">&#8211;\u00a0 M\u00e1scara: uso obrigat\u00f3rio, cobrindo o nariz e a boca, durante a perman\u00eancia no CCBB.<\/p>\n<p style=\"font-weight: 400;\">&#8211;\u00a0 Aferi\u00e7\u00e3o de temperatura: a temperatura dos visitantes ser\u00e1 aferida na entrada no CCBB. Pessoas com temperatura igual ou superior a 37,5o ser\u00e3o orientadas a buscar atendimento m\u00e9dico especializado.<\/p>\n<p style=\"font-weight: 400;\">&#8211;\u00a0 Visita\u00e7\u00e3o: a visita\u00e7\u00e3o tem fluxo unidirecional. Oriente-se pela sinaliza\u00e7\u00e3o e uma vez iniciada a visita n\u00e3o retorne ao ponto inicial.<\/p>\n<p style=\"font-weight: 400;\">&#8211;\u00a0\u00a0Oriente-se pela sinaliza\u00e7\u00e3o e mantenha a dist\u00e2ncia de 1 metros.<\/p>\n<p style=\"font-weight: 400;\">&#8211;\u00a0 Elevadores: pessoas com defici\u00eancia, mobilidade reduzida ou que precisem de acompanhamento possuem atendimento priorizado. Recomendamos o uso das escadas aos demais usu\u00e1rios.<\/p>\n<p style=\"font-weight: 400;\">&#8211;\u00a0 Banheiros: limita\u00e7\u00e3o da capacidade al\u00e9m da instala\u00e7\u00e3o de dispensadores de \u00e1lcool gel.<\/p>\n<p style=\"font-weight: 400;\">&#8211; Entrada e sa\u00edda acess\u00edvel: pessoas com defici\u00eancia ou mobilidade reduzida e outras pessoas que necessitem da rampa de acesso podem entrar e sair pela rua Claudio Manoel.<\/p>\n<p style=\"font-weight: 400;\"><strong>\u00a0<\/strong><\/p>\n","protected":false},"excerpt":{"rendered":"<p>De 12 de Janeiro a 25 de Fevereiro de 2022 A Mostra Movimento Armorial 50 Anos &#8211; que acontece no &hellip; <a class=\"more-link\" href=\"https:\/\/jornalnoticiasdopais.com.br\/index.php\/2022\/01\/14\/mostra-movimento-armorial-50-anos-abre-novo-ciclo-de-atracoes-com-encontros-musicais-e-conversas\/\">More<\/a><\/p>\n","protected":false},"author":4,"featured_media":223,"comment_status":"open","ping_status":"open","sticky":false,"template":"","format":"standard","meta":[],"categories":[31,17,7,32,23],"tags":[],"_links":{"self":[{"href":"https:\/\/jornalnoticiasdopais.com.br\/index.php\/wp-json\/wp\/v2\/posts\/222"}],"collection":[{"href":"https:\/\/jornalnoticiasdopais.com.br\/index.php\/wp-json\/wp\/v2\/posts"}],"about":[{"href":"https:\/\/jornalnoticiasdopais.com.br\/index.php\/wp-json\/wp\/v2\/types\/post"}],"author":[{"embeddable":true,"href":"https:\/\/jornalnoticiasdopais.com.br\/index.php\/wp-json\/wp\/v2\/users\/4"}],"replies":[{"embeddable":true,"href":"https:\/\/jornalnoticiasdopais.com.br\/index.php\/wp-json\/wp\/v2\/comments?post=222"}],"version-history":[{"count":2,"href":"https:\/\/jornalnoticiasdopais.com.br\/index.php\/wp-json\/wp\/v2\/posts\/222\/revisions"}],"predecessor-version":[{"id":225,"href":"https:\/\/jornalnoticiasdopais.com.br\/index.php\/wp-json\/wp\/v2\/posts\/222\/revisions\/225"}],"wp:featuredmedia":[{"embeddable":true,"href":"https:\/\/jornalnoticiasdopais.com.br\/index.php\/wp-json\/wp\/v2\/media\/223"}],"wp:attachment":[{"href":"https:\/\/jornalnoticiasdopais.com.br\/index.php\/wp-json\/wp\/v2\/media?parent=222"}],"wp:term":[{"taxonomy":"category","embeddable":true,"href":"https:\/\/jornalnoticiasdopais.com.br\/index.php\/wp-json\/wp\/v2\/categories?post=222"},{"taxonomy":"post_tag","embeddable":true,"href":"https:\/\/jornalnoticiasdopais.com.br\/index.php\/wp-json\/wp\/v2\/tags?post=222"}],"curies":[{"name":"wp","href":"https:\/\/api.w.org\/{rel}","templated":true}]}}