{"id":218,"date":"2022-01-13T10:19:23","date_gmt":"2022-01-13T13:19:23","guid":{"rendered":"http:\/\/jornalnoticiasdopais.com.br\/?p=218"},"modified":"2022-01-13T10:23:59","modified_gmt":"2022-01-13T13:23:59","slug":"anitta-sol-de-janeiro-fazem-doacao-surpreendente-para-pro-crianca-cardiaca-sao-paulo","status":"publish","type":"post","link":"https:\/\/jornalnoticiasdopais.com.br\/index.php\/2022\/01\/13\/anitta-sol-de-janeiro-fazem-doacao-surpreendente-para-pro-crianca-cardiaca-sao-paulo\/","title":{"rendered":"Anitta &#038; Sol de Janeiro fazem doa\u00e7\u00e3o surpreendente para Pro Crian\u00e7a Card\u00edaca"},"content":{"rendered":"<p style=\"font-weight: 400; text-align: center;\"><strong><em>Nos minutos finais de 2021, uma doa\u00e7\u00e3o volumosa entrou na conta do Pro Crian\u00e7a Card\u00edaca<\/em><\/strong><\/p>\n<p style=\"font-weight: 400;\"><strong><span class=\"dropcap dropcap1\">E<\/span><\/strong>m parceria com a cantora Anitta, a ic\u00f4nica marca multinacional Sol de Janeiro, inspirada na beleza do Brasil, fez uma doa\u00e7\u00e3o de R$ 270 mil, arrecadados no lan\u00e7amento de \u201cAnitta &amp; Sol de Janeiro Perfume Mist\u201d, fragr\u00e2ncia corporal com notas de n\u00e9ctar de maracuj\u00e1 e patchuli rosa, produto cocriado com a artista.<\/p>\n<p style=\"font-weight: 400;\">O ato de amor, generosidade e responsabilidade social possibilitar\u00e1 a realiza\u00e7\u00e3o de procedimentos invasivos para salvar as vidas de cinco crian\u00e7as em 2022.<\/p>\n<p style=\"font-weight: 400;\">\u201cSempre soube que uma uma alian\u00e7a entre a Sol de Janeiro e a Anitta seria algo poderoso e lindo de ver, apesar de n\u00e3o imaginar o volume de recursos que conseguir\u00edamos angariar. Unir o poder das duas marcas com o objetivo de contribuir a uma causa maior no Brasil era um sonho que virou meta. Eu sinto uma felicidade imensa em saber que estamos ajudando a salvar as vidas dessas crian\u00e7as. Parab\u00e9ns Pro Crian\u00e7a!\u201d, diz Wallace Fortes, Diretor Criativo de Conte\u00fado da Sol de Janeiro e l\u00edder dos projetos de responsabilidade social da marca no Brasil.<\/p>\n<p style=\"font-weight: 400;\">\u201cFoi a maior surpresa de 2021, tanto pelo valor, como por ter acontecido pouco antes do ano se encerrar. Nossa mais profunda gratid\u00e3o \u00e0 Sol de Janeiro e a nossa admira\u00e7\u00e3o redobrada pela Anitta. Ser\u00e1 um enorme prazer receb\u00ea-los em nossa casa!\u201d, comemora a diretora executiva do Pro Crian\u00e7a, Mitzy Cremona.<\/p>\n<p style=\"font-weight: 400;\">Os produtos da Sol de Janeiro s\u00e3o vendidos no Brasil com exclusividade pela Sephora (<a href=\"https:\/\/cutt.ly\/EUCUUez\" data-saferedirecturl=\"https:\/\/www.google.com\/url?q=https:\/\/cutt.ly\/EUCUUez&amp;source=gmail&amp;ust=1642165548384000&amp;usg=AOvVaw14gOzb-mYFemhF2fPnTVil\">https:\/\/cutt.ly\/EUCUUez<\/a>)<\/p>\n","protected":false},"excerpt":{"rendered":"<p>Nos minutos finais de 2021, uma doa\u00e7\u00e3o volumosa entrou na conta do Pro Crian\u00e7a Card\u00edaca Em parceria com a cantora &hellip; <a class=\"more-link\" href=\"https:\/\/jornalnoticiasdopais.com.br\/index.php\/2022\/01\/13\/anitta-sol-de-janeiro-fazem-doacao-surpreendente-para-pro-crianca-cardiaca-sao-paulo\/\">More<\/a><\/p>\n","protected":false},"author":4,"featured_media":219,"comment_status":"open","ping_status":"open","sticky":false,"template":"","format":"standard","meta":[],"categories":[17,21,22,23],"tags":[28,25,26,29,27,30],"_links":{"self":[{"href":"https:\/\/jornalnoticiasdopais.com.br\/index.php\/wp-json\/wp\/v2\/posts\/218"}],"collection":[{"href":"https:\/\/jornalnoticiasdopais.com.br\/index.php\/wp-json\/wp\/v2\/posts"}],"about":[{"href":"https:\/\/jornalnoticiasdopais.com.br\/index.php\/wp-json\/wp\/v2\/types\/post"}],"author":[{"embeddable":true,"href":"https:\/\/jornalnoticiasdopais.com.br\/index.php\/wp-json\/wp\/v2\/users\/4"}],"replies":[{"embeddable":true,"href":"https:\/\/jornalnoticiasdopais.com.br\/index.php\/wp-json\/wp\/v2\/comments?post=218"}],"version-history":[{"count":2,"href":"https:\/\/jornalnoticiasdopais.com.br\/index.php\/wp-json\/wp\/v2\/posts\/218\/revisions"}],"predecessor-version":[{"id":221,"href":"https:\/\/jornalnoticiasdopais.com.br\/index.php\/wp-json\/wp\/v2\/posts\/218\/revisions\/221"}],"wp:featuredmedia":[{"embeddable":true,"href":"https:\/\/jornalnoticiasdopais.com.br\/index.php\/wp-json\/wp\/v2\/media\/219"}],"wp:attachment":[{"href":"https:\/\/jornalnoticiasdopais.com.br\/index.php\/wp-json\/wp\/v2\/media?parent=218"}],"wp:term":[{"taxonomy":"category","embeddable":true,"href":"https:\/\/jornalnoticiasdopais.com.br\/index.php\/wp-json\/wp\/v2\/categories?post=218"},{"taxonomy":"post_tag","embeddable":true,"href":"https:\/\/jornalnoticiasdopais.com.br\/index.php\/wp-json\/wp\/v2\/tags?post=218"}],"curies":[{"name":"wp","href":"https:\/\/api.w.org\/{rel}","templated":true}]}}