{"id":196,"date":"2021-08-17T16:08:01","date_gmt":"2021-08-17T19:08:01","guid":{"rendered":"http:\/\/jornalnoticiasdopais.com.br\/?p=196"},"modified":"2021-08-17T16:08:01","modified_gmt":"2021-08-17T19:08:01","slug":"akatu-e-revelacao-lancam-o-encontro-de-geracoes-volume-3","status":"publish","type":"post","link":"https:\/\/jornalnoticiasdopais.com.br\/index.php\/2021\/08\/17\/akatu-e-revelacao-lancam-o-encontro-de-geracoes-volume-3\/","title":{"rendered":"Akatu e Revela\u00e7\u00e3o lan\u00e7am o Encontro de Gera\u00e7\u00f5es &#8211; Volume 3"},"content":{"rendered":"<p><strong>Reprodu\u00e7\u00e3o do registro audiovisual &#8220;Encontro de Gera\u00e7\u00f5es&#8221;.\u00a0<\/strong><\/p>\n<p style=\"text-align: center;\"><strong><i>Cantor Vitinho faz participa\u00e7\u00e3o especial em tr\u00eas faixas do registro<\/i><\/strong><\/p>\n<div>\n<p><strong><span class=\"dropcap dropcap1\">C<\/span><\/strong>omemorando o sucesso dos dois \u00faltimos lan\u00e7amentos, com as participa\u00e7\u00f5es especiais de Xande de Pilares e Liomar, do Pique Novo, os grupos Akatu e Revela\u00e7\u00e3o apresentam ao p\u00fablico o Encontro de Gera\u00e7\u00f5es \u2013 Volume 3. Desta vez, o cantor Vitinho sobe ao palco com os artistas para contribuir com o seu talento nas tr\u00eas primeiras faixas.<\/p>\n<p><img class=\"CToWUd a6T\" tabindex=\"0\" src=\"https:\/\/ci5.googleusercontent.com\/proxy\/AhCTIy6_Nnb5F5VDEYQYgHrOBrnBbAXpASwKh1JCcK-1_o6IP4c9g-JbnHJp23z8jye74mhuCXFn7XnbR_afSyIvrr3xsWVbmF5k-lW6b6fBTb8egJyLXJKqphwc-F_hKamA9ET8kNyrX9B4gPnE09GDkiHUaiRJhhaXRcfDD2jVJU3_W__sl8N4BNHlCnkWHSHn_QWPMaDRJuY=s0-d-e1-ft#https:\/\/files.pressmanager.net\/clientes\/67dd844a69e08263976a65f343f9b4e0\/imagens\/2021\/08\/16\/62b2cbb2f96b898bd86786706fd4009b_medium.jpg\" alt=\"\" width=\"300\" align=\"right\" hspace=\"10\" vspace=\"10\" \/>De acordo com Kaio Baptistela, empres\u00e1rio art\u00edstico da Show Line Music e s\u00f3cio da S4 Entretenimento, o a soma dos dois primeiros lan\u00e7amentos mostra o qu\u00e3o o projeto decolou de vez. \u201cFizemos o lan\u00e7amento do primeiro bloco, que para nossa alegria acabou conquistando um grande sucesso. Logo depois, veio o segundo bloco, que tamb\u00e9m teve repercuss\u00e3o nacional. As can\u00e7\u00f5es escolhidas para o repert\u00f3rio tamb\u00e9m foram o grande atrativo para o encontro musical, pois s\u00e3o hits que j\u00e1 conquistaram os f\u00e3s de samba e pagode\u201d, comenta.<\/p>\n<p>O empres\u00e1rio destaca que o Encontro de Gera\u00e7\u00f5es \u2013 Volume 3 traz mais um grande artista da m\u00fasica brasileira, o cantor Vitinho. \u201cEu que trabalho com samba e pagode h\u00e1 tanto tempo, ver a uni\u00e3o dessa diversidade de talentos \u00e9 uma grande alegria. As participa\u00e7\u00f5es especiais agregaram muito ao projeto e a energia da nossa roda de samba pode ser sentida por quem assistir ao registro audiovisual. Assim como Xande de Pilares e o Liomar agraram o p\u00fablico, tenho certeza de que neste lan\u00e7amento o Vitinho vai agradar, pois, com todo o seu talento, ele mostra a for\u00e7a deste encontro de gera\u00e7\u00f5es entre Akatu e Revela\u00e7\u00e3o\u201d, finaliza Kaio Baptistela.<\/p>\n<p>Assista agora ao Encontro de Gera\u00e7\u00f5es &#8211; Volume 3:\u00a0<a href=\"https:\/\/youtu.be\/t2DXyPEsFOs\" target=\"_blank\" rel=\"noopener\" data-saferedirecturl=\"https:\/\/www.google.com\/url?q=https:\/\/youtu.be\/t2DXyPEsFOs&amp;source=gmail&amp;ust=1629311653927000&amp;usg=AFQjCNFjNYT1bWoZWPpS6IoW4o3WOUH7PA\">https:\/\/youtu.be\/t2DXyPEsFOs<\/a><\/p>\n<p>&nbsp;<\/p>\n<p><strong>Grupo Akatu<\/strong><\/p>\n<p><img class=\"CToWUd a6T\" tabindex=\"0\" src=\"https:\/\/ci5.googleusercontent.com\/proxy\/bMwUydTIAdSTn48Z3Fpc2QEmRx1whs4ZPS_G4lPmKWon2uVKkP8vCxoiZ0le_Lza-jmdY_MHGl9znh_2WHchNL5s4vy-t2ylBk-8cOaumcFU-BvuC34bMJOYcWmNQy42yEC7E-LuxKv0iUBcwCQyYsgzCJXjHql5IT168pxK5snY8aSiDqD2Wf59G-9tjH2GElNZ0i4zVZLhNQg=s0-d-e1-ft#https:\/\/files.pressmanager.net\/clientes\/67dd844a69e08263976a65f343f9b4e0\/imagens\/2021\/08\/16\/39f99b6663db48a0ea9fedf29ba4238d_medium.jpg\" alt=\"\" width=\"300\" align=\"right\" hspace=\"10\" vspace=\"10\" \/>Formado atualmente por Angelo (reco e voz), Caique (tantan e voz), Lucas (pandeiro), Lukas Gabriel (voz) e BEG (voz), o Akatu foi criado em 2015 por tr\u00eas jovens apaixonados por pagode na capital mineira. Hoje \u00e9 uma banda em ascens\u00e3o, que a cada dia ganha mais espa\u00e7o no cen\u00e1rio musical.<\/p>\n<p>Semente boa e mundo melhor: essas s\u00e3o as tradu\u00e7\u00f5es do nome de origem Tupi, que hoje ecoa entre o p\u00fablico. H\u00e1 seis anos, o grupo segue conquistando f\u00e3s com o seu pagode animado e irreverente. O show \u00e9 uma mistura de can\u00e7\u00f5es autorais, que j\u00e1 est\u00e3o na ponta da l\u00edngua do p\u00fablico que acompanha a banda, e hits do samba e pagode, embalados pelo jeito irreverente e animado que os m\u00fasicos conduzem a apresenta\u00e7\u00e3o em cima do palco.<\/p>\n<p>E desde o in\u00edcio da carreira, al\u00e9m de animar os shows, o Akatu sempre esteve focado nas produ\u00e7\u00f5es de registros audiovisuais. Em 2017, lan\u00e7ou o CD \u201cMeu Momento\u201d e no ano seguinte o DVD \u201cVamo Cantar\u201d. J\u00e1 em 2020, foram tr\u00eas trabalhos: \u201cEnsaio Akatu\u201d, \u201cAkatu Relax\u201d e \u201cLuau Akatu\u201d. E agora, para brindar o sucesso do grupo, o \u201cEncontro de Gera\u00e7\u00f5es\u201d, gravado com o Revela\u00e7\u00e3o, sela o in\u00edcio de uma nova fase e a consolida\u00e7\u00e3o no cen\u00e1rio nacional.<\/p>\n<p>&nbsp;<\/p>\n<p><strong>Grupo Revela\u00e7\u00e3o<\/strong><\/p>\n<p><img class=\"CToWUd a6T\" tabindex=\"0\" src=\"https:\/\/ci5.googleusercontent.com\/proxy\/-gNOLTzFFNWNG2BttHFsdXkiiGkyUOznPKTWpGmxORHOhX8_wwxUBkOJbDXno3YFroDq3hDcwCdwxmWvV2vDrf_RtZfj52CYx6csSlMzz1igxp_8lop6YJlFyRZs4M88Lyr2-nk2H_Pghwederw9plXQll2S4V5XyH6vUnaPS04OtxfC4PPqk10HXtG88W7yDQMxesOeQMIN0ng=s0-d-e1-ft#https:\/\/files.pressmanager.net\/clientes\/67dd844a69e08263976a65f343f9b4e0\/imagens\/2021\/08\/16\/c6acf11848eb0baf9b09b82887841475_medium.jpg\" alt=\"\" width=\"300\" align=\"right\" hspace=\"10\" vspace=\"10\" \/>Com 24 anos, sendo 13 de sucesso nacional, o grupo Revela\u00e7\u00e3o, hoje com mais de 2,5 milh\u00f5es de CDs e DVDs vendidos e obras com milh\u00f5es de execu\u00e7\u00f5es em plataformas digitais, inicia uma nova fase. Com a volta de Artur Lu\u00eds (reco reco) e a chegada de Jhonatan Alexandre, sobrinho do ex-vocalista Xande de Pilares, o grupo volta com a sua identidade musical original com Beto Lima (viol\u00e3o), Mauro Junior (Banjo), Jhonatan Alexandre (cavaco), Artur Lu\u00eds(reco-reco), Rogerinho (tan-tan), Sergio Rufino (pandeiro). Jhonatan Alexandre confessa que quando era pequeno brincava de ser cantor do Revela\u00e7\u00e3o, e chega para mostrar o que aprendeu assistindo seu maior \u00eddolo e tio, Xande de Pilares, trazendo samba, irrever\u00eancia e alegria no seu DNA.<\/p>\n<p>&nbsp;<\/p>\n<\/div>\n","protected":false},"excerpt":{"rendered":"<p>Reprodu\u00e7\u00e3o do registro audiovisual &#8220;Encontro de Gera\u00e7\u00f5es&#8221;.\u00a0 Cantor Vitinho faz participa\u00e7\u00e3o especial em tr\u00eas faixas do registro Comemorando o sucesso &hellip; <a class=\"more-link\" href=\"https:\/\/jornalnoticiasdopais.com.br\/index.php\/2021\/08\/17\/akatu-e-revelacao-lancam-o-encontro-de-geracoes-volume-3\/\">More<\/a><\/p>\n","protected":false},"author":3,"featured_media":197,"comment_status":"open","ping_status":"open","sticky":false,"template":"","format":"standard","meta":[],"categories":[7],"tags":[],"_links":{"self":[{"href":"https:\/\/jornalnoticiasdopais.com.br\/index.php\/wp-json\/wp\/v2\/posts\/196"}],"collection":[{"href":"https:\/\/jornalnoticiasdopais.com.br\/index.php\/wp-json\/wp\/v2\/posts"}],"about":[{"href":"https:\/\/jornalnoticiasdopais.com.br\/index.php\/wp-json\/wp\/v2\/types\/post"}],"author":[{"embeddable":true,"href":"https:\/\/jornalnoticiasdopais.com.br\/index.php\/wp-json\/wp\/v2\/users\/3"}],"replies":[{"embeddable":true,"href":"https:\/\/jornalnoticiasdopais.com.br\/index.php\/wp-json\/wp\/v2\/comments?post=196"}],"version-history":[{"count":1,"href":"https:\/\/jornalnoticiasdopais.com.br\/index.php\/wp-json\/wp\/v2\/posts\/196\/revisions"}],"predecessor-version":[{"id":198,"href":"https:\/\/jornalnoticiasdopais.com.br\/index.php\/wp-json\/wp\/v2\/posts\/196\/revisions\/198"}],"wp:featuredmedia":[{"embeddable":true,"href":"https:\/\/jornalnoticiasdopais.com.br\/index.php\/wp-json\/wp\/v2\/media\/197"}],"wp:attachment":[{"href":"https:\/\/jornalnoticiasdopais.com.br\/index.php\/wp-json\/wp\/v2\/media?parent=196"}],"wp:term":[{"taxonomy":"category","embeddable":true,"href":"https:\/\/jornalnoticiasdopais.com.br\/index.php\/wp-json\/wp\/v2\/categories?post=196"},{"taxonomy":"post_tag","embeddable":true,"href":"https:\/\/jornalnoticiasdopais.com.br\/index.php\/wp-json\/wp\/v2\/tags?post=196"}],"curies":[{"name":"wp","href":"https:\/\/api.w.org\/{rel}","templated":true}]}}