{"id":182,"date":"2021-06-08T17:55:09","date_gmt":"2021-06-08T20:55:09","guid":{"rendered":"http:\/\/jornalnoticiasdopais.com.br\/?p=182"},"modified":"2021-06-08T18:01:38","modified_gmt":"2021-06-08T21:01:38","slug":"outono-e-inverno-x-estetica","status":"publish","type":"post","link":"https:\/\/jornalnoticiasdopais.com.br\/index.php\/2021\/06\/08\/outono-e-inverno-x-estetica\/","title":{"rendered":"Outono e Inverno X Est\u00e9tica"},"content":{"rendered":"<p dir=\"ltr\" style=\"text-align: center;\"><strong><em>Especialista traz dicas de como cuidar da pele no per\u00edodo mais frio do ano.<\/em><\/strong><\/p>\n<p dir=\"ltr\">Vinho, caldo quentinho e bastante hidratante na pele: esta \u00e9 a demanda da \u00e9poca mais fria do ano. Muitos pensam que no outono e inverno n\u00e3o h\u00e1 necessidade do filtro solar e muito menos dos cuidados b\u00e1sicos com a pele, que aten\u00e7\u00e3o \u00e9 apenas no ver\u00e3o. Engana-se quem acredita nesse mito, o cuidado com o nosso corpo precisa ser m\u00fatuo, ou seja, nos 365 dias que permeiam as 4 esta\u00e7\u00f5es do ano.<\/p>\n<p dir=\"ltr\">\u201cUma rotina de cuidados com a pele do rosto \u00e9 a base para garantir uma pele saud\u00e1vel e jovem. Entre os principais cuidados est\u00e3o a lavagem e hidrata\u00e7\u00e3o do rosto com produtos adequados ao seu tipo de pele e o uso de protetor solar. A melhor maneira de reduzir os sinais de envelhecimento \u00e9 impedir que eles apare\u00e7am. A exposi\u00e7\u00e3o da pele aos raios UV pode causar rugas, linhas finas e manchas senis. O uso regular do filtro solar reduz o risco de queimaduras solares, c\u00e2ncer de pele, manchas e rugas da idade\u201d, refor\u00e7a a dermatologista, Marcela Loschi.<\/p>\n<p dir=\"ltr\">Al\u00e9m do b\u00e1sico, a especialista explica tamb\u00e9m que \u00e9 necess\u00e1rio conhecer o nosso tipo de pele para iniciar os cuidados, assim, entenderemos o que de fato ela precisa e quais s\u00e3o as suas rea\u00e7\u00f5es no calor, frio, sol, sombra etc. \u201cConhecer o seu tipo de pele ajuda a encontrar os produtos certos para uma rotina de cuidados. Se voc\u00ea n\u00e3o souber identificar o seu tipo de pele, um dermatologista pode ajudar\u201d, elucida. Visando facilitar na hora de escolher os produtos corretos, ela lista alguns tipos de pele:<\/p>\n<ul>\n<li dir=\"ltr\">\n<p dir=\"ltr\">\u201cPele oleosa: \u00e9 brilhante e de aspecto oleoso, pela maior produ\u00e7\u00e3o de sebo. Pode ter poros dilatados e maior tend\u00eancia \u00e0 acne.<\/p>\n<\/li>\n<li dir=\"ltr\">\n<p dir=\"ltr\">Pele normal: tem textura suave e aveludada. N\u00e3o apresenta excesso de brilho ou ressecamento.<\/p>\n<\/li>\n<li dir=\"ltr\">\n<p dir=\"ltr\">Pele seca: tende a ser opaca, com maior tend\u00eancia a descama\u00e7\u00e3o e coceira, devido \u00e0 maior perda de \u00e1gua.<\/p>\n<\/li>\n<li dir=\"ltr\">\n<p dir=\"ltr\">Pele sens\u00edvel: apresenta queima\u00e7\u00e3o e vermelhid\u00e3o ap\u00f3s o uso de determinados cosm\u00e9ticos.<\/p>\n<\/li>\n<li dir=\"ltr\">\n<p dir=\"ltr\">Pele mista: \u00e9 o tipo mais frequente. Sendo seca em algumas \u00e1reas e oleosa em outras (principalmente testa, nariz e queixo)\u201d.<\/p>\n<\/li>\n<\/ul>\n<p dir=\"ltr\">O beab\u00e1 dos cuidados com a pele no frio<\/p>\n<p dir=\"ltr\">\u201cEssa \u00e9 a \u00e9poca do ano em que devemos redobrar os cuidados com a pele, j\u00e1 que o frio excessivo pode contribuir para o ressecamento e o agravamento de doen\u00e7as de pele j\u00e1 existentes, como a dermatite at\u00f3pica e a ros\u00e1cea\u201d, perfaz.\u2800<\/p>\n<p dir=\"ltr\">Agora que voc\u00ea j\u00e1 conhece o seu tipo de pele, a dermatologista separou um conjunto\u00a0 de itens b\u00e1sicos para deixar a sua pele hidratada, bonita e saud\u00e1vel neste outono inverno:<\/p>\n<ul>\n<li dir=\"ltr\">\n<p dir=\"ltr\">Evite banhos muito quentes. A \u00e1gua quente retira a camada lip\u00eddica, que \u00e9 uma prote\u00e7\u00e3o natural da nossa pele. Isso contribui para o ressecamento. Uma boa dica \u00e9 tomar banho durante o dia e tentar deixar a \u00e1gua em temperatura mais morna.\u2800<\/p>\n<\/li>\n<\/ul>\n<ul>\n<li dir=\"ltr\">\n<p dir=\"ltr\">Potencialize a hidrata\u00e7\u00e3o. Aplique o hidratante no corpo de 1 a 2 vezes ao dia, de prefer\u00eancia ap\u00f3s o banho.\u2800<\/p>\n<\/li>\n<\/ul>\n<ul>\n<li dir=\"ltr\">\n<p dir=\"ltr\">Ao lavar o rosto, use um sabonete ou um gel de limpeza suaves, que limpe a pele sem agredir, sempre com \u00e1gua de morna \u00e0 fria.\u2800<\/p>\n<\/li>\n<\/ul>\n<ul>\n<li dir=\"ltr\">\n<p dir=\"ltr\">N\u00e3o esque\u00e7a o protetor solar! Sim, mesmo nos dias frios e nublados ele deve ser usado diariamente.\u2800<\/p>\n<\/li>\n<\/ul>\n<ul>\n<li dir=\"ltr\">\n<p dir=\"ltr\">Para orienta\u00e7\u00f5es mais espec\u00edficas, consulte sempre um dermatologista\u201d.<\/p>\n<\/li>\n<\/ul>\n<p>&nbsp;<\/p>\n<p dir=\"ltr\">Fonte: Marcela Loschi, m\u00e9dica, atua em Belo Horizonte, com cl\u00ednica m\u00e9dica no Hospital MaterDei e dermatologia em consult\u00f3rio particular. Especialista no tratamento de cicatrizes de acne. (@dra.marcelaloschi).<\/p>\n","protected":false},"excerpt":{"rendered":"<p>Especialista traz dicas de como cuidar da pele no per\u00edodo mais frio do ano. Vinho, caldo quentinho e bastante hidratante &hellip; <a class=\"more-link\" href=\"https:\/\/jornalnoticiasdopais.com.br\/index.php\/2021\/06\/08\/outono-e-inverno-x-estetica\/\">More<\/a><\/p>\n","protected":false},"author":3,"featured_media":183,"comment_status":"open","ping_status":"open","sticky":false,"template":"","format":"standard","meta":[],"categories":[1],"tags":[],"_links":{"self":[{"href":"https:\/\/jornalnoticiasdopais.com.br\/index.php\/wp-json\/wp\/v2\/posts\/182"}],"collection":[{"href":"https:\/\/jornalnoticiasdopais.com.br\/index.php\/wp-json\/wp\/v2\/posts"}],"about":[{"href":"https:\/\/jornalnoticiasdopais.com.br\/index.php\/wp-json\/wp\/v2\/types\/post"}],"author":[{"embeddable":true,"href":"https:\/\/jornalnoticiasdopais.com.br\/index.php\/wp-json\/wp\/v2\/users\/3"}],"replies":[{"embeddable":true,"href":"https:\/\/jornalnoticiasdopais.com.br\/index.php\/wp-json\/wp\/v2\/comments?post=182"}],"version-history":[{"count":1,"href":"https:\/\/jornalnoticiasdopais.com.br\/index.php\/wp-json\/wp\/v2\/posts\/182\/revisions"}],"predecessor-version":[{"id":184,"href":"https:\/\/jornalnoticiasdopais.com.br\/index.php\/wp-json\/wp\/v2\/posts\/182\/revisions\/184"}],"wp:featuredmedia":[{"embeddable":true,"href":"https:\/\/jornalnoticiasdopais.com.br\/index.php\/wp-json\/wp\/v2\/media\/183"}],"wp:attachment":[{"href":"https:\/\/jornalnoticiasdopais.com.br\/index.php\/wp-json\/wp\/v2\/media?parent=182"}],"wp:term":[{"taxonomy":"category","embeddable":true,"href":"https:\/\/jornalnoticiasdopais.com.br\/index.php\/wp-json\/wp\/v2\/categories?post=182"},{"taxonomy":"post_tag","embeddable":true,"href":"https:\/\/jornalnoticiasdopais.com.br\/index.php\/wp-json\/wp\/v2\/tags?post=182"}],"curies":[{"name":"wp","href":"https:\/\/api.w.org\/{rel}","templated":true}]}}