{"id":153,"date":"2021-04-28T15:01:18","date_gmt":"2021-04-28T18:01:18","guid":{"rendered":"http:\/\/jornalnoticiasdopais.com.br\/?p=153"},"modified":"2021-04-28T15:40:07","modified_gmt":"2021-04-28T18:40:07","slug":"digital-influencer-vini-murta-incentiva-pessoas-a-sairem-da-zona-de-conforto-atraves-do-projeto-decida-viver","status":"publish","type":"post","link":"https:\/\/jornalnoticiasdopais.com.br\/index.php\/2021\/04\/28\/digital-influencer-vini-murta-incentiva-pessoas-a-sairem-da-zona-de-conforto-atraves-do-projeto-decida-viver\/","title":{"rendered":"Digital Influencer \u201cVini Murta\u201d incentiva pessoas a sa\u00edrem da zona de conforto atrav\u00e9s do projeto \u201cDecida Viver\u201d"},"content":{"rendered":"<p><strong>Foto &#8211; Cr\u00e9dito: Dennis Lima.<\/strong><\/p>\n<p style=\"text-align: center;\"><em><strong>Profissional que tamb\u00e9m \u00e9 designer (graduado pela Faculdade INAP) e pai \u201czeloso\u201d de seu filho Davi, fala dos benef\u00edcios f\u00edsicos, ps\u00edquicos, emocionais e espirituais que a pr\u00e1tica regular das atividades f\u00edsicas proporcionam a todos n\u00f3s seres humanos<\/strong><\/em><\/p>\n<p>As mudan\u00e7as provocadas pela pandemia do Coronav\u00edrus\/Covid-19 dever\u00e3o permanecer entre as pessoas por muito tempo. Ou seja, economia, emprego, pol\u00edtica e rela\u00e7\u00f5es sociais est\u00e3o entre os aspectos que j\u00e1 est\u00e3o sofrendo significativas altera\u00e7\u00f5es do ano passado para c\u00e1. No entanto, para enfrentar tudo isso, n\u00e3o basta apenas aceitar, mas se preparar tamb\u00e9m psicologicamente e fisicamente, j\u00e1 que, como diz o ditado, \u201cQuando a cabe\u00e7a n\u00e3o pensa, o corpo padece\u201d. Pensando, tamb\u00e9m, nisso, o projeto Decida Viver, criado no ano de 2019 por Vini Murta, designer, palestrante, influenciador digital, humanista (que est\u00e1 a frente de projetos sociais h\u00e1 mais de vinte anos), e \u201cpapai\u201d do Davi, mostra que \u00e9 poss\u00edvel dar a volta por cima quebrando quaisquer adversidades com muita disposi\u00e7\u00e3o e sa\u00fade. Em um bate papo bem animado, Vini Murta fala sobre o trabalho que faz para ajudar a as pessoas e dos benef\u00edcios f\u00edsicos, ps\u00edquicos, emocionais e espirituais que a pr\u00e1tica regular das atividades f\u00edsicas proporcionam a todos n\u00f3s seres humanos.<\/p>\n<p><strong>&#8211; Vini Murta, qual a sua cidade natal, qual a sua forma\u00e7\u00e3o acad\u00eamica e quais tipos de conte\u00fados voc\u00ea produz atrav\u00e9s das suas redes sociais para o p\u00fablico que te segue?<\/strong><\/p>\n<p>Nasci em Belo Horizonte Minas Gerais. Sou designer (formado pela Faculdade INAP), palestrante e influenciador digital. Com muito orgulho, sou papai do Davi, meu filho e grande parceiro e sou tamb\u00e9m humanista, estando a frente de projetos sociais h\u00e1 mais de vinte anos. Nas minhas redes sociais produzo conte\u00fados relacionados a paternidade, parentalidade, humanismo, esporte e qualidade de vida. Posso afirmar que sou um entusiasta pelo desenvolvimento humano, por isso criei o projeto &#8216;Decida Viver&#8217;, que tem como prop\u00f3sito apoiar a valoriza\u00e7\u00e3o da vida o ano inteiro.<\/p>\n<p><strong>&#8211; O projeto &#8216;Decida Viver&#8217; tem em sua ideologia uma grande preocupa\u00e7\u00e3o a cerca da valoriza\u00e7\u00e3o da vida. Na sua opini\u00e3o, o \u00edndice de desequil\u00edbrio das pessoas e at\u00e9 mesmo dos jovens, tem aumentado? Como voc\u00ea v\u00ea isso?<\/strong><\/p>\n<p>Vivemos um grande problema a n\u00edvel global h\u00e1 anos e pouco se fala sobre a &#8216;valoriza\u00e7\u00e3o da vida&#8217;. O \u00edndice de desequil\u00edbrio ps\u00edquico e emocional aumenta a cada dia. Em 2020 a depress\u00e3o passou a ser a doen\u00e7a mais propensa a incapacidade no trabalho. Ou seja, a cada 40 segundos (conforme pesquisas), uma pessoa tira sua pr\u00f3pria vida no planeta e a cada 30 minutos uma pessoa tira sua pr\u00f3pria vida no Brasil. Como se tudo isso n\u00e3o bastasse, o \u00edndice de suic\u00eddio na inf\u00e2ncia e na adolesc\u00eancia est\u00e1 aumentando tamb\u00e9m.<\/p>\n<p><strong>&#8211; Foram essas situa\u00e7\u00f5es Vini, que te levaram a criar o projeto &#8216;Decida Viver&#8217;? De onde veio essa paix\u00e3o pelos esportes?<\/strong><\/p>\n<p>Sim! Em junho de 2019, percebendo a gravidade na falta de aten\u00e7\u00e3o \u00e0 valoriza\u00e7\u00e3o da vida e o quanto os esportes me ajudaram no equil\u00edbrio ps\u00edquico e emocional, eu criei o projeto Decida Viver. Assim, decidi fazer um desafio pessoal para despertar em outras pessoas a capacidade de superar as barreiras do suposto imposs\u00edvel. A minha paix\u00e3o pelo esporte vem da alma e me traz uma sensa\u00e7\u00e3o de liberdade e capacidade de ir al\u00e9m dos meus limites. A modalidade Triathlon (nata\u00e7\u00e3o, ciclismo e corrida), sempre me atraiu pelo grau de dificuldade e tantas habilidades que um triatleta precisa desenvolver para elevar sua performance at\u00e9 chegar a prova mais desafiadora que \u00e9 o IronMan. Ali\u00e1s, prova alvo do meu desafio pessoal e j\u00e1 com data marcada para setembro de 2021.<\/p>\n<p><strong>&#8211; Qual \u00e9 o maior prop\u00f3sito do projeto &#8216;Decida Viver&#8217;?<\/strong><\/p>\n<p>O prop\u00f3sito maior \u00e9 incentivar as pessoas a sa\u00edrem da zona de conforto, dos supostos limites e fazer qualquer atividade f\u00edsica. Sabemos dos benef\u00edcios f\u00edsicos, ps\u00edquicos, emocionais e espirituais que a pr\u00e1tica regular das atividades f\u00edsicas proporcionam a todos n\u00f3s seres humanos. Atrav\u00e9s das minhas redes sociais as pessoas percebem que um ser humano comum saiu do &#8216;zero&#8217; para fazer uma prova de alta performance e que n\u00e3o existe milagres. O que precisamos \u00e9 determina\u00e7\u00e3o, disciplina, persist\u00eancia, f\u00e9 e assim vamos despertando os nossos valores existenciais.<\/p>\n<p><strong>&#8211; Em sua opini\u00e3o, qual a import\u00e2ncia das empresas ou mesmo pessoas jur\u00eddicas, apoiarem um trabalho de solidariedade, como o &#8216;Decida Viver&#8217;?<\/strong><\/p>\n<p>A import\u00e2ncia do apoio eu defino como a cura de todos os desequil\u00edbrios humanit\u00e1rios. O projeto &#8216;Decida Viver&#8217; como todos n\u00f3s seres humanos, temos car\u00eancias e o pouco de muitos tem o poder de construir o equil\u00edbrio planet\u00e1rio. Os apoiadores e patrocinadores do projeto s\u00e3o fortalecidos com duas bases de grande import\u00e2ncia nas estruturas empresariais do novo normal: assumir a responsabilidade social apoiando um projeto s\u00e9rio e com bases cient\u00edficas e ter visibilidade em v\u00e1rias m\u00eddias atrav\u00e9s das estrat\u00e9gias de marketing, desenvolvidas para o projeto.<\/p>\n<p><strong>&#8211; Para fecharmos Vini, tem alguma frase que te defina como pessoa, ou que voc\u00ea utilize como filosofia?<\/strong><\/p>\n<p>Sim! &#8216;Juntos somos melhores que s\u00f3s!&#8217;. Pois, nessa filosofia podemos construir um mundo melhor de forma leve e conectados nas energias do amor.<\/p>\n<p><strong><em>Conhe\u00e7a mais os trabalhos de Vini Murta.<\/em><\/strong><\/p>\n<p><strong><em>Acompanhe pelas redes sociais:<\/em><\/strong><\/p>\n<p><strong><em>Site: http:\/\/www.vinimurta.com<\/em><\/strong><\/p>\n<p><strong><em>Instagram: @vinimurta<\/em><\/strong><\/p>\n<p><strong><em>Telefone: (31) 98894-3227 (WhatsApp)<\/em><\/strong><\/p>\n","protected":false},"excerpt":{"rendered":"<p>Foto &#8211; Cr\u00e9dito: Dennis Lima. Profissional que tamb\u00e9m \u00e9 designer (graduado pela Faculdade INAP) e pai \u201czeloso\u201d de seu filho &hellip; <a class=\"more-link\" href=\"https:\/\/jornalnoticiasdopais.com.br\/index.php\/2021\/04\/28\/digital-influencer-vini-murta-incentiva-pessoas-a-sairem-da-zona-de-conforto-atraves-do-projeto-decida-viver\/\">More<\/a><\/p>\n","protected":false},"author":3,"featured_media":154,"comment_status":"open","ping_status":"open","sticky":false,"template":"","format":"standard","meta":[],"categories":[5],"tags":[],"_links":{"self":[{"href":"https:\/\/jornalnoticiasdopais.com.br\/index.php\/wp-json\/wp\/v2\/posts\/153"}],"collection":[{"href":"https:\/\/jornalnoticiasdopais.com.br\/index.php\/wp-json\/wp\/v2\/posts"}],"about":[{"href":"https:\/\/jornalnoticiasdopais.com.br\/index.php\/wp-json\/wp\/v2\/types\/post"}],"author":[{"embeddable":true,"href":"https:\/\/jornalnoticiasdopais.com.br\/index.php\/wp-json\/wp\/v2\/users\/3"}],"replies":[{"embeddable":true,"href":"https:\/\/jornalnoticiasdopais.com.br\/index.php\/wp-json\/wp\/v2\/comments?post=153"}],"version-history":[{"count":2,"href":"https:\/\/jornalnoticiasdopais.com.br\/index.php\/wp-json\/wp\/v2\/posts\/153\/revisions"}],"predecessor-version":[{"id":157,"href":"https:\/\/jornalnoticiasdopais.com.br\/index.php\/wp-json\/wp\/v2\/posts\/153\/revisions\/157"}],"wp:featuredmedia":[{"embeddable":true,"href":"https:\/\/jornalnoticiasdopais.com.br\/index.php\/wp-json\/wp\/v2\/media\/154"}],"wp:attachment":[{"href":"https:\/\/jornalnoticiasdopais.com.br\/index.php\/wp-json\/wp\/v2\/media?parent=153"}],"wp:term":[{"taxonomy":"category","embeddable":true,"href":"https:\/\/jornalnoticiasdopais.com.br\/index.php\/wp-json\/wp\/v2\/categories?post=153"},{"taxonomy":"post_tag","embeddable":true,"href":"https:\/\/jornalnoticiasdopais.com.br\/index.php\/wp-json\/wp\/v2\/tags?post=153"}],"curies":[{"name":"wp","href":"https:\/\/api.w.org\/{rel}","templated":true}]}}