{"id":148,"date":"2021-04-09T16:39:54","date_gmt":"2021-04-09T19:39:54","guid":{"rendered":"http:\/\/jornalnoticiasdopais.com.br\/?p=148"},"modified":"2021-04-09T17:05:36","modified_gmt":"2021-04-09T20:05:36","slug":"contos-de-arrepiar-espetaculo-de-juiz-de-fora-e-a-atracao-da-vez-no-3o-festival-estadual-de-teatro-infantil","status":"publish","type":"post","link":"https:\/\/jornalnoticiasdopais.com.br\/index.php\/2021\/04\/09\/contos-de-arrepiar-espetaculo-de-juiz-de-fora-e-a-atracao-da-vez-no-3o-festival-estadual-de-teatro-infantil\/","title":{"rendered":"\u201cContos de arrepiar\u201d, espet\u00e1culo de Juiz de Fora, \u00e9 a atra\u00e7\u00e3o da vez no 3\u00ba Festival Estadual de Teatro Infantil"},"content":{"rendered":"<p style=\"font-weight: 400; text-align: center;\"><strong><em>Evento est\u00e1 na 3\u00aa edi\u00e7\u00e3o e ser\u00e1 realizado online at\u00e9 o dia 17 de abril<\/em><\/strong><\/p>\n<p style=\"font-weight: 400;\"><strong><span class=\"dropcap dropcap1\">A<\/span><\/strong>t\u00e9 o 17 de abril, ser\u00e1 realizada a 3\u00aa edi\u00e7\u00e3o do Festival Estadual de Teatro Infantil. A atra\u00e7\u00e3o do fim de semana \u00e9 o espet\u00e1culo \u201cContos de arrepiar\u201d. O espet\u00e1culo tem o intuito de despertar no p\u00fablico os momentos prazerosos da inf\u00e2ncia, como as hist\u00f3rias ao p\u00e9 da \u00e1rvore, em volta da fogueira no quintal da casa, ou mesmo ao redor da sala<\/p>\n<p style=\"font-weight: 400;\">O espet\u00e1culo ser\u00e1 transmitido amanh\u00e3 (10), s\u00e1bado, \u00e0s 17h, e podem ser acessado atrav\u00e9s do link\u00a0<a href=\"https:\/\/www.youtube.com\/channel\/UCZ1z15JEvqIg2G8eoC0tImA\" data-saferedirecturl=\"https:\/\/www.google.com\/url?q=https:\/\/www.youtube.com\/channel\/UCZ1z15JEvqIg2G8eoC0tImA&amp;source=gmail&amp;ust=1618082623913000&amp;usg=AFQjCNEAwF8UKieKF2WS-nllXASuHY_Ieg\">https:\/\/www.youtube.com\/channel\/UCZ1z15JEvqIg2G8eoC0tImA<\/a>. Todos os espet\u00e1culos ficar\u00e3o dispon\u00edveis para visualiza\u00e7\u00e3o at\u00e9 o dia 24 de abril.<\/p>\n<p style=\"font-weight: 400;\"><strong>PROGRAMA\u00c7\u00c3O<\/strong><\/p>\n<p style=\"font-weight: 400;\">17 de mar\u00e7o \u2013 Sarau musical (Grupo Maria Cutia) \u2013 Espet\u00e1culo de Belo Horizonte<\/p>\n<p style=\"font-weight: 400;\">24 de mar\u00e7o \u2013 As aventuras do Super Quixote \u2013 Espet\u00e1culo de Ipatinga<\/p>\n<p style=\"font-weight: 400;\">03 de abril \u2013 Rapunzel \u2013 Espet\u00e1culo de Belo Horizonte<\/p>\n<p style=\"font-weight: 400;\">10 de abril \u2013 Contos de arrepiar \u2013 Espet\u00e1culo de Juiz de Fora<\/p>\n<p style=\"font-weight: 400;\">17 de abril \u2013 O menino mais rico do mundo \u2013 Espet\u00e1culo de Ribeir\u00e3o das Neves<\/p>\n<p style=\"font-weight: 400;\"><strong><u>SARAU MUSICAL (GRUPO MARIA CUTIA)<\/u><\/strong><\/p>\n<p style=\"font-weight: 400;\">Um encontro entre os atores brincantes Mariana Arruda, Leonardo Rocha e Hugo da Silva com o p\u00fablico, apresentando can\u00e7\u00f5es autorais que fazem parte de espet\u00e1culos do Grupo Maria Cutia. Neste Sarau, os tr\u00eas artistas v\u00e3o cantar e contar hist\u00f3rias dessas m\u00fasicas e apresentar um pouquinho do que vem por a\u00ed na nova montagem da companhia, &#8220;Aquarela&#8221;.<\/p>\n<p style=\"font-weight: 400;\">Ficha T\u00e9cnica<\/p>\n<p style=\"font-weight: 400;\">Em cena: Hugo da Silva, Leonardo Rocha e Mariana Arruda<\/p>\n<p style=\"font-weight: 400;\">Concep\u00e7\u00e3o Geral: Grupo Maria Cutia<\/p>\n<p style=\"font-weight: 400;\">Cen\u00e1rio: Hugo da Silva e Leonardo Rocha<\/p>\n<p style=\"font-weight: 400;\">Figurinos: Mariana Arruda<\/p>\n<p style=\"font-weight: 400;\">Adere\u00e7o (cora\u00e7\u00e3o): Linda Ataka<\/p>\n<p style=\"font-weight: 400;\">M\u00fasicas: Hugo da Silva, Leonardo Rocha e Mariana Arruda<\/p>\n<p style=\"font-weight: 400;\">Dire\u00e7\u00e3o Musical: Hugo da Silva<\/p>\n<p style=\"font-weight: 400;\">Ilumina\u00e7\u00e3o: CiaTecno (Richard Zaira e Pedro Paulino)<\/p>\n<p style=\"font-weight: 400;\">Opera\u00e7\u00e3o de som: Ailton Oliveira<\/p>\n<p style=\"font-weight: 400;\">Produ\u00e7\u00e3o: Grupo Maria Cutia (Luisa Monteiro)<\/p>\n<p style=\"font-weight: 400;\"><strong><u>AS AVENTURAS DO SUPER QUIXOTE<\/u><\/strong><\/p>\n<p style=\"font-weight: 400;\">Quem nunca sonhou em ser um super-her\u00f3i? De tanto ler hist\u00f3rias de cavalaria em quadrinhos, Dom Alonso Quixano pensou ter superpoderes e saiu pelo mundo em busca de aventuras. Ao lado de Sancho Pan\u00e7a, seu fiel escudeiro, enfrenta gigantes, ladr\u00f5es e drag\u00f5es para fazer justi\u00e7a e impressionar sua amada Dulcin\u00e9ia. O problema \u00e9 que tudo s\u00f3 existia na cabe\u00e7a do Super-Quixote!<\/p>\n<p style=\"font-weight: 400;\">Ficha T\u00e9cnica<\/p>\n<p style=\"font-weight: 400;\">Elenco: B\u00e1rbara Pavione, Camile Gracian, Gustavo Nascimento e L\u00e9o Coessens<\/p>\n<p style=\"font-weight: 400;\">Dire\u00e7\u00e3o: B\u00e1rbara Pavione<\/p>\n<p style=\"font-weight: 400;\">Sonoplastia: Lorrayne Sancar<\/p>\n<p style=\"font-weight: 400;\">Dramaturgia: L\u00e9o Coessens<\/p>\n<p style=\"font-weight: 400;\">Contrarregra: Luciano Soares Baroska<\/p>\n<p style=\"font-weight: 400;\">Ilumina\u00e7\u00e3o: Beto de Faria e L\u00e9o Coessens<\/p>\n<p style=\"font-weight: 400;\">Foto montagem: Gustavo Jacome<\/p>\n<p style=\"font-weight: 400;\"><strong><u>RAPUNZEL<\/u><\/strong><\/p>\n<p style=\"font-weight: 400;\">Rapunzel \u00e9 um conto de fadas dos Irm\u00e3os Grimm, publicado em 1812. Conta a hist\u00f3ria de uma menina presa em uma torre, por uma bruxa. Seu cabelo, nunca cortado, cresce como uma imensa tran\u00e7a na qual a bruxa sobe todos os dias para ver a menina. Um dia, um pr\u00edncipe, passando pelo local, ouve Rapunzel cantando e se apaixona, decidindo enfrentar a vil\u00e3 e fugir com Rapunzel. A bruxa descobre as inten\u00e7\u00f5es do pr\u00edncipe e lan\u00e7a um terr\u00edvel castigo. Ent\u00e3o, o pr\u00edncipe ter\u00e1 que vagar em sua sina para encontrar o seu grande amor.<\/p>\n<p style=\"font-weight: 400;\"><strong>FICHA T\u00c9CNICA:<\/strong><\/p>\n<p style=\"font-weight: 400;\">Autor: Irm\u00e3os Grimm<\/p>\n<p style=\"font-weight: 400;\">Adaptador e diretor: R\u00f4mulo Duque<\/p>\n<p style=\"font-weight: 400;\">Elenco: Mar\u00edsia do Prado, Alexia Rinco, Keven Kiatt, Rich Le\u00e3o, Ana Clara Campos<\/p>\n<p style=\"font-weight: 400;\">Figurinos e cen\u00e1rios: Dilson Mayron<\/p>\n<p style=\"font-weight: 400;\">Ilumina\u00e7\u00e3o: Guilherme Henrique Machado<\/p>\n<p style=\"font-weight: 400;\">Trilha sonora: Ant\u00f4nio de P\u00e1dua Teixeira e Rich Le\u00e3o<\/p>\n<p style=\"font-weight: 400;\">Projeto gr\u00e1fico e Assessoria de imprensa: Samuel Ara\u00fajo<\/p>\n<p style=\"font-weight: 400;\">Produ\u00e7\u00e3o: R\u00f4mulo Duque<\/p>\n<p style=\"font-weight: 400;\"><strong><u>CONTOS DE ARREPIAR<\/u><\/strong><\/p>\n<p style=\"font-weight: 400;\">Quem nunca viveu a emo\u00e7\u00e3o de sentir aquele arrepio gostoso ao ouvir uma boa hist\u00f3ria de suspense? A fim de reviver momentos inesquec\u00edveis como esses, permitindo que o p\u00fablico possa se recordar da inf\u00e2ncia, das hist\u00f3rias ao p\u00e9 da \u00e1rvore, em volta da fogueira no quintal da casa, ou mesmo ao redor da sala, o grupo Caravana de Hist\u00f3rias apresenta tr\u00eas contos da tradi\u00e7\u00e3o oral: O homem sem sorte, O Guaname e A mula sem cabe\u00e7a.<\/p>\n<p style=\"font-weight: 400;\">Ficha t\u00e9cnica<\/p>\n<p style=\"font-weight: 400;\">Grupo: Caravana de Hist\u00f3rias<\/p>\n<p style=\"font-weight: 400;\">Contador de Hist\u00f3rias: Cristiano Fernandes<\/p>\n<p style=\"font-weight: 400;\">Tradutoras Int\u00e9rpretes de Libras: Erc\u00edlia Maria, Ilza Netto e\u00a0 Raquel Motta<\/p>\n<p style=\"font-weight: 400;\">Produ\u00e7\u00e3o e Registro de Imagens: Bianca Fernandes, Elayne Leite e I\u00eada Loureiro<\/p>\n<p style=\"font-weight: 400;\">Arte gr\u00e1fica: Luiz Nascimento<\/p>\n<p style=\"font-weight: 400;\">Efeitos sonoros:\u00a0<a href=\"http:\/\/pt.pikbest.com\/\" data-saferedirecturl=\"https:\/\/www.google.com\/url?q=http:\/\/pt.pikbest.com&amp;source=gmail&amp;ust=1618082623913000&amp;usg=AFQjCNHew1LmVPLTXkzslleO-OMO7vjJsQ\">pt.pikbest.com<\/a><\/p>\n<p style=\"font-weight: 400;\">Decupagem de V\u00eddeo: Bianca Fernandes<\/p>\n<p style=\"font-weight: 400;\">Edi\u00e7\u00e3o: Tito Junior<\/p>\n<p style=\"font-weight: 400;\">Produ\u00e7\u00e3o: Caravana de Hist\u00f3rias<\/p>\n<p style=\"font-weight: 400;\">Dire\u00e7\u00e3o geral: Cristiano Fernandes<\/p>\n<p style=\"font-weight: 400;\"><strong><u>O MENINO MAIS RICO DO MUNDO<\/u><\/strong><\/p>\n<p style=\"font-weight: 400;\">Imagine um menino rico! N\u00e3o de dinheiro, mas de imagina\u00e7\u00e3o e sonhos. Um menino que aprendeu a conhecer as cores, brincar com os sons, respeitar o mundo e, por isso, hoje, \u00e9 companheiro da felicidade. Este menino, um pequeno catador de papel, acaba de chegar ao teatro e com muita m\u00fasica, poesia e humor, convida a plateia a conhecer o seu mundo fant\u00e1stico.<\/p>\n<p style=\"font-weight: 400;\"><strong>Ficha T\u00e9cnica:<\/strong><\/p>\n<p style=\"font-weight: 400;\">Autor: Xico Abreu | Diretor, Cen\u00f3grafo e Figurinista: Diego Benic\u00e1 | Elenco: Marcelo Ricco | Produ\u00e7\u00e3o: Sala 7 Produ\u00e7\u00f5es | Trilha Sonora Original &#8211; M\u00fasicas: Xico Abreu \/ Arranjos: Hairlan Rodrigues e Gustavo Moura | Grava\u00e7\u00e3o, mixagem e masteriza\u00e7\u00e3o: St\u00fadio HP | Prepara\u00e7\u00e3o Vocal: Iai\u00e1 Drummond | Prepara\u00e7\u00e3o Corporal e Coreografias: Ana Am\u00e9lia Cabral | Ilumina\u00e7\u00e3o: Luiz Henrique Moura | Adere\u00e7os: Paulo Viana | Execu\u00e7\u00e3o de Figurino: Costurando Arte (M\u00e1rcia Corr\u00eaa) | Cenot\u00e9cnica: Companhia Cenogr\u00e1fica (Fel\u00edcio Alves) | Maquiagem: Grabriela Domingues | Imagens: Personnalit\u00e9 Produ\u00e7\u00f5es | Fotografia: Graf\u00ea Ateli\u00ea da Imagem (Alyson Jardim) | Programa\u00e7\u00e3o Visual: Insight Comunica\u00e7\u00e3o e Cultura (Cl\u00e1udio N\u00e9stor e Marcio Miranda) | Assessoria de Imprensa: Luz Comunica\u00e7\u00e3o (Jozane Faleiro) | Produ\u00e7\u00e3o Executiva: Carol Fonseca.\u00a0 Classifica\u00e7\u00e3o: Livre \/ Dura\u00e7\u00e3o: 50 minutos<\/p>\n","protected":false},"excerpt":{"rendered":"<p>Evento est\u00e1 na 3\u00aa edi\u00e7\u00e3o e ser\u00e1 realizado online at\u00e9 o dia 17 de abril At\u00e9 o 17 de abril, &hellip; <a class=\"more-link\" href=\"https:\/\/jornalnoticiasdopais.com.br\/index.php\/2021\/04\/09\/contos-de-arrepiar-espetaculo-de-juiz-de-fora-e-a-atracao-da-vez-no-3o-festival-estadual-de-teatro-infantil\/\">More<\/a><\/p>\n","protected":false},"author":3,"featured_media":149,"comment_status":"open","ping_status":"open","sticky":false,"template":"","format":"standard","meta":[],"categories":[1],"tags":[],"_links":{"self":[{"href":"https:\/\/jornalnoticiasdopais.com.br\/index.php\/wp-json\/wp\/v2\/posts\/148"}],"collection":[{"href":"https:\/\/jornalnoticiasdopais.com.br\/index.php\/wp-json\/wp\/v2\/posts"}],"about":[{"href":"https:\/\/jornalnoticiasdopais.com.br\/index.php\/wp-json\/wp\/v2\/types\/post"}],"author":[{"embeddable":true,"href":"https:\/\/jornalnoticiasdopais.com.br\/index.php\/wp-json\/wp\/v2\/users\/3"}],"replies":[{"embeddable":true,"href":"https:\/\/jornalnoticiasdopais.com.br\/index.php\/wp-json\/wp\/v2\/comments?post=148"}],"version-history":[{"count":2,"href":"https:\/\/jornalnoticiasdopais.com.br\/index.php\/wp-json\/wp\/v2\/posts\/148\/revisions"}],"predecessor-version":[{"id":151,"href":"https:\/\/jornalnoticiasdopais.com.br\/index.php\/wp-json\/wp\/v2\/posts\/148\/revisions\/151"}],"wp:featuredmedia":[{"embeddable":true,"href":"https:\/\/jornalnoticiasdopais.com.br\/index.php\/wp-json\/wp\/v2\/media\/149"}],"wp:attachment":[{"href":"https:\/\/jornalnoticiasdopais.com.br\/index.php\/wp-json\/wp\/v2\/media?parent=148"}],"wp:term":[{"taxonomy":"category","embeddable":true,"href":"https:\/\/jornalnoticiasdopais.com.br\/index.php\/wp-json\/wp\/v2\/categories?post=148"},{"taxonomy":"post_tag","embeddable":true,"href":"https:\/\/jornalnoticiasdopais.com.br\/index.php\/wp-json\/wp\/v2\/tags?post=148"}],"curies":[{"name":"wp","href":"https:\/\/api.w.org\/{rel}","templated":true}]}}