{"id":135,"date":"2021-03-22T14:25:32","date_gmt":"2021-03-22T17:25:32","guid":{"rendered":"http:\/\/jornalnoticiasdopais.com.br\/?p=135"},"modified":"2021-03-22T14:29:18","modified_gmt":"2021-03-22T17:29:18","slug":"tarso-brant-lanca-carreira-musical-com-desapegada","status":"publish","type":"post","link":"https:\/\/jornalnoticiasdopais.com.br\/index.php\/2021\/03\/22\/tarso-brant-lanca-carreira-musical-com-desapegada\/","title":{"rendered":"Tarso Brant lan\u00e7a carreira musical com &#8216;Desapegada&#8217;"},"content":{"rendered":"<p><strong>Tarso Brant &#8211; <i>Or\u00e1culo Music.<\/i><\/strong><\/p>\n<p style=\"text-align: center;\"><strong><i>Ator e modelo transg\u00eanero, que ficou conhecido em todo o pa\u00eds por ser inspira\u00e7\u00e3o de um personagem da novela For\u00e7a do Querer (Globo), apresenta ao p\u00fablico a mistura de funk e pop de &#8216;Desapegada&#8217;, can\u00e7\u00e3o que j\u00e1 est\u00e1 dispon\u00edvel nas plataformas digitais<\/i><\/strong><\/p>\n<div>\n<p><strong><span class=\"dropcap dropcap1\">O<\/span><\/strong> cen\u00e1rio musical brasileiro acaba de ganhar mais um artista. Ap\u00f3s participa\u00e7\u00f5es em novelas, pe\u00e7as de teatro, programas de TV e escrever um livro, o ator Tarso Brant se lan\u00e7a no mercado fonogr\u00e1fico como compositor e DJ. Este novo momento \u00e9 fruto de uma parceria com o produtor musical Deco Loko, que comp\u00f4s a can\u00e7\u00e3o \u2018Desapegada\u2019 e participou da grava\u00e7\u00e3o. O single j\u00e1 est\u00e1 dispon\u00edvel nas plataformas digitais.<\/p>\n<p>A trajet\u00f3ria de Tarso Brant no mundo art\u00edstico come\u00e7ou gra\u00e7as a sua hist\u00f3ria de vida. Nascida Tereza Cristhina da Silva Borges, em Belo Horizonte, Tarso ficou nacionalmente conhecido ap\u00f3s exibir sua transi\u00e7\u00e3o de g\u00eanero abertamente nas redes sociais. Como na \u00e9poca o assunto ainda era um grande tabu na sociedade, ele participou de diversos programas de entretenimento e de debates para falar sobre o assunto. Em 2017, Tarso auxiliou a escritora Gl\u00f3ria Perez na cria\u00e7\u00e3o de uma personagem trans para a novela \u2018A For\u00e7a do Querer\u2019, da Rede Globo.<\/p>\n<p>A partir da\u00ed, se preparou para atuar e, inclusive, fez uma participa\u00e7\u00e3o oficial na novela. Com isso, ainda em 2017, lan\u00e7ou o livro \u2018Vida Trans\u2019, para mostrar os desafios enfrentados em sua transi\u00e7\u00e3o. E agora, o multiartista, que, al\u00e9m de ser influenciador digital, \u00e9 tamb\u00e9m ator, escritor, agora, cantor, com um trabalho que promete ser hit.<\/p>\n<p>E se depender da experi\u00eancia do produtor musical Deco Loko, a carreira de Tarso Brant na m\u00fasica j\u00e1 \u00e9 sucesso. Respons\u00e1vel pelo hit \u2018Jogar Pra Tropa\u2019, gravado por Pocah feat. Dennis DJ, e pelo sucesso \u201cVai dar PT\u201d, na voz de MC Rahell, ele conquistou o mundo com mais de 600 milh\u00f5es de\u00a0<em>streams<\/em>\u00a0e regrava\u00e7\u00f5es por grandes artistas, como, L\u00e9o Santana, Wesley Safad\u00e3o e v\u00e1rios outros.\u00a0E al\u00e9m de produzir, toca viol\u00e3o, guitarra, bateria, teclado, piano, baixo, al\u00e9m de cantar, compor e ainda atuar como DJ e o empres\u00e1rio que est\u00e1 \u00e0 frente da Or\u00e1culo Music.<\/p>\n<p>De acordo com Tarso Brant, a m\u00fasica \u2018Desapegada\u2019 \u00e9 um marco em sua hist\u00f3ria. \u201cEstou muito satisfeito com o resultado que conquistamos e confiante neste novo momento na minha carreira. A composi\u00e7\u00e3o conta a hist\u00f3ria de um cara arrependido de ter perdido uma mulher linda e incr\u00edvel. Ela se cansou e resolveu curtir a vida, rebolar e ser feliz. Quando o Deco Loko me mostrou a letra, a situa\u00e7\u00e3o de encaixou perfeitamente com o momento de vida que eu estava passando. Al\u00e9m de ter gostado muito da can\u00e7\u00e3o, fiquei ainda mais empolgado com essa coincid\u00eancia\u201d, conta.<\/p>\n<p>Al\u00e9m das novelas \u2018A For\u00e7a do Querer\u2019 e \u2018Ver\u00e3o 90\u2019, Tarso Brant subiu aos palcos para participa\u00e7\u00f5es nos espet\u00e1culos \u2018A Casa da M\u00e3e Joana\u2019, \u2018Uma Linda Kazue Mulher\u2019 e \u2018Mam\u00e3e Voltou\u2019. Ele afirma que esse \u00e9 o momento certo de se dedicar \u00e0 carreira musical com a mesma intensidade que nos demais projetos art\u00edsticos que j\u00e1 participou. \u201cA m\u00fasica sempre esteve nos meus passos e por isso, da mesma forma que tenho me dedicado para atuar nas pe\u00e7as, quanto nas novelas que tive a oportunidade de participar, vou me dedicar ao universo musical. Este \u00e9 o meu primeiro passo, mas, com certeza, ap\u00f3s essa primeira can\u00e7\u00e3o, trabalharei para trazer para o p\u00fablico, mais novidades. Esse \u00e9 somente o primeiro passo de uma carreira que j\u00e1 come\u00e7a com uma parceria de sucesso com o Deco Loko\u201d, finaliza.<\/p>\n<p><strong>Momento hist\u00f3rico<\/strong><\/p>\n<p>Al\u00e9m de estrear na m\u00fasica, Tarso Brant participar\u00e1 da segunda temporada do reality show \u201cDe F\u00e9rias com o Ex: Celebs\u201d. O programa ter\u00e1 12 participantes e a sua passagem, antes mesmo de acontecer, j\u00e1 estar\u00e1 marcada na hist\u00f3ria, j\u00e1 que Tarso Brant ser\u00e1 o primeiro participante trans de todas as temporadas. \u201cMais uma vez seguimos fazendo hist\u00f3ria. \u00c9 gratificante ser reconhecido, n\u00e3o s\u00f3 pela minha luta e minha hist\u00f3ria, mas tamb\u00e9m pelo trabalho que venho desenvolvendo at\u00e9 aqui. Ser convidado para o \u2018De F\u00e9rias com o Ex: Celebs\u2019 foi uma honra\u201d, celebra o ator.<\/p>\n<p>&nbsp;<\/p>\n<p><strong>Ficha T\u00e9cnica &#8211; Desapegada<\/strong><\/p>\n<p>Int\u00e9rpretes: Deco Loko e Tarso Brant<\/p>\n<p>Compositor: Deco Loko<\/p>\n<p>Gravadora: Or\u00e1culo Music<\/p>\n<p>Produtor fonogr\u00e1fico: Deco Loko<\/p>\n<p>Diretor Executivo: Juninho Ribeiro<\/p>\n<p>Assessoria: Juninho Ribeiro<\/p>\n<p>&nbsp;<\/p>\n<p><strong>Ou\u00e7a agora a m\u00fasica Desapegada:\u00a0<a href=\"https:\/\/ps.onerpm.com\/7146127330\" target=\"_blank\" rel=\"noopener noreferrer\" data-saferedirecturl=\"https:\/\/www.google.com\/url?q=https:\/\/ps.onerpm.com\/7146127330&amp;source=gmail&amp;ust=1616513512177000&amp;usg=AFQjCNHj4T0CgWBwHJsrC9apa8Q13roixQ\">https:\/\/ps.onerpm.com\/<wbr \/>7146127330<\/a><\/strong><\/p>\n<p><strong>Tarso Brant no Instagram:\u00a0@tarsobrant\u00a0<a href=\"https:\/\/www.instagram.com\/tarsobrant\" target=\"_blank\" rel=\"noopener noreferrer\" data-saferedirecturl=\"https:\/\/www.google.com\/url?q=https:\/\/www.instagram.com\/tarsobrant&amp;source=gmail&amp;ust=1616513512177000&amp;usg=AFQjCNE1tFTpavRz36BLOVxdn4SEZPPXDA\">https:\/\/www.instagram.com\/<wbr \/>tarsobrant<\/a><\/strong><\/p>\n<\/div>\n","protected":false},"excerpt":{"rendered":"<p>Tarso Brant &#8211; Or\u00e1culo Music. Ator e modelo transg\u00eanero, que ficou conhecido em todo o pa\u00eds por ser inspira\u00e7\u00e3o de &hellip; <a class=\"more-link\" href=\"https:\/\/jornalnoticiasdopais.com.br\/index.php\/2021\/03\/22\/tarso-brant-lanca-carreira-musical-com-desapegada\/\">More<\/a><\/p>\n","protected":false},"author":3,"featured_media":136,"comment_status":"open","ping_status":"open","sticky":true,"template":"","format":"standard","meta":[],"categories":[4],"tags":[],"_links":{"self":[{"href":"https:\/\/jornalnoticiasdopais.com.br\/index.php\/wp-json\/wp\/v2\/posts\/135"}],"collection":[{"href":"https:\/\/jornalnoticiasdopais.com.br\/index.php\/wp-json\/wp\/v2\/posts"}],"about":[{"href":"https:\/\/jornalnoticiasdopais.com.br\/index.php\/wp-json\/wp\/v2\/types\/post"}],"author":[{"embeddable":true,"href":"https:\/\/jornalnoticiasdopais.com.br\/index.php\/wp-json\/wp\/v2\/users\/3"}],"replies":[{"embeddable":true,"href":"https:\/\/jornalnoticiasdopais.com.br\/index.php\/wp-json\/wp\/v2\/comments?post=135"}],"version-history":[{"count":1,"href":"https:\/\/jornalnoticiasdopais.com.br\/index.php\/wp-json\/wp\/v2\/posts\/135\/revisions"}],"predecessor-version":[{"id":137,"href":"https:\/\/jornalnoticiasdopais.com.br\/index.php\/wp-json\/wp\/v2\/posts\/135\/revisions\/137"}],"wp:featuredmedia":[{"embeddable":true,"href":"https:\/\/jornalnoticiasdopais.com.br\/index.php\/wp-json\/wp\/v2\/media\/136"}],"wp:attachment":[{"href":"https:\/\/jornalnoticiasdopais.com.br\/index.php\/wp-json\/wp\/v2\/media?parent=135"}],"wp:term":[{"taxonomy":"category","embeddable":true,"href":"https:\/\/jornalnoticiasdopais.com.br\/index.php\/wp-json\/wp\/v2\/categories?post=135"},{"taxonomy":"post_tag","embeddable":true,"href":"https:\/\/jornalnoticiasdopais.com.br\/index.php\/wp-json\/wp\/v2\/tags?post=135"}],"curies":[{"name":"wp","href":"https:\/\/api.w.org\/{rel}","templated":true}]}}