{"id":131,"date":"2021-03-08T13:34:52","date_gmt":"2021-03-08T16:34:52","guid":{"rendered":"http:\/\/jornalnoticiasdopais.com.br\/?p=131"},"modified":"2021-03-08T13:34:52","modified_gmt":"2021-03-08T16:34:52","slug":"a-nova-aposta-da-marca-lari-sol-colecao-resort-2021","status":"publish","type":"post","link":"https:\/\/jornalnoticiasdopais.com.br\/index.php\/2021\/03\/08\/a-nova-aposta-da-marca-lari-sol-colecao-resort-2021\/","title":{"rendered":"A nova aposta da Marca Lari Sol: Cole\u00e7\u00e3o Resort 2021"},"content":{"rendered":"<p><strong>Foto: Marcelo Poleze.<\/strong><\/p>\n<p>O resultado foi uma cole\u00e7\u00e3o impec\u00e1vel, com est\u00e9tica brasileira, que utilizou cores, estampas e texturas para destacar a versatilidade das pe\u00e7as da Lari Sol. Preparando a cole\u00e7\u00e3o para o desfile Virtual do Minas Fashion Week, a cole\u00e7\u00e3o &#8216;moda praia&#8217; tamb\u00e9m podem ser usadas em diferentes ocasi\u00f5es, at\u00e9 mesmo em looks para a noite.<\/p>\n<p>A f\u00e1brica da empres\u00e1ria Sirley Vasconcelos adotou a estrat\u00e9gia de lan\u00e7ar essa cole\u00e7\u00e3o no Minas Fashion Week Virtual. Ela disse que tem investido em pe\u00e7as leves para demostrar a renova\u00e7\u00e3o de dias melhores, assim, as pe\u00e7as est\u00e3o garantindo o conforto para o dia a dia e leveza.<\/p>\n","protected":false},"excerpt":{"rendered":"<p>Foto: Marcelo Poleze. O resultado foi uma cole\u00e7\u00e3o impec\u00e1vel, com est\u00e9tica brasileira, que utilizou cores, estampas e texturas para destacar &hellip; <a class=\"more-link\" href=\"https:\/\/jornalnoticiasdopais.com.br\/index.php\/2021\/03\/08\/a-nova-aposta-da-marca-lari-sol-colecao-resort-2021\/\">More<\/a><\/p>\n","protected":false},"author":3,"featured_media":132,"comment_status":"open","ping_status":"open","sticky":false,"template":"","format":"standard","meta":[],"categories":[6],"tags":[],"_links":{"self":[{"href":"https:\/\/jornalnoticiasdopais.com.br\/index.php\/wp-json\/wp\/v2\/posts\/131"}],"collection":[{"href":"https:\/\/jornalnoticiasdopais.com.br\/index.php\/wp-json\/wp\/v2\/posts"}],"about":[{"href":"https:\/\/jornalnoticiasdopais.com.br\/index.php\/wp-json\/wp\/v2\/types\/post"}],"author":[{"embeddable":true,"href":"https:\/\/jornalnoticiasdopais.com.br\/index.php\/wp-json\/wp\/v2\/users\/3"}],"replies":[{"embeddable":true,"href":"https:\/\/jornalnoticiasdopais.com.br\/index.php\/wp-json\/wp\/v2\/comments?post=131"}],"version-history":[{"count":1,"href":"https:\/\/jornalnoticiasdopais.com.br\/index.php\/wp-json\/wp\/v2\/posts\/131\/revisions"}],"predecessor-version":[{"id":133,"href":"https:\/\/jornalnoticiasdopais.com.br\/index.php\/wp-json\/wp\/v2\/posts\/131\/revisions\/133"}],"wp:featuredmedia":[{"embeddable":true,"href":"https:\/\/jornalnoticiasdopais.com.br\/index.php\/wp-json\/wp\/v2\/media\/132"}],"wp:attachment":[{"href":"https:\/\/jornalnoticiasdopais.com.br\/index.php\/wp-json\/wp\/v2\/media?parent=131"}],"wp:term":[{"taxonomy":"category","embeddable":true,"href":"https:\/\/jornalnoticiasdopais.com.br\/index.php\/wp-json\/wp\/v2\/categories?post=131"},{"taxonomy":"post_tag","embeddable":true,"href":"https:\/\/jornalnoticiasdopais.com.br\/index.php\/wp-json\/wp\/v2\/tags?post=131"}],"curies":[{"name":"wp","href":"https:\/\/api.w.org\/{rel}","templated":true}]}}