{"id":122,"date":"2021-02-23T17:42:21","date_gmt":"2021-02-23T20:42:21","guid":{"rendered":"http:\/\/jornalnoticiasdopais.com.br\/?p=122"},"modified":"2021-02-23T17:59:10","modified_gmt":"2021-02-23T20:59:10","slug":"vacinacao-permite-ao-censa-betim-liberar-visitacoes-a-partir-do-dia-1o-de-marco","status":"publish","type":"post","link":"https:\/\/jornalnoticiasdopais.com.br\/index.php\/2021\/02\/23\/vacinacao-permite-ao-censa-betim-liberar-visitacoes-a-partir-do-dia-1o-de-marco\/","title":{"rendered":"Vacina\u00e7\u00e3o permite ao CENSA Betim liberar visita\u00e7\u00f5es a partir do dia 1\u00ba de mar\u00e7o"},"content":{"rendered":"<p><strong>Nat\u00e1lia Costa, diretora do CENSA Betim &#8211; Foto: Heberton Lopes.<\/strong><\/p>\n<p style=\"text-align: center;\"><strong><i>Institui\u00e7\u00e3o reabre as portas para os familiares dos educandos ap\u00f3s a aplica\u00e7\u00e3o do imunizante contra a Covid-19 em alunos e colaboradores; as regras sanit\u00e1rias continuar\u00e3o em vigor, como o distanciamento social, uso obrigat\u00f3rio de m\u00e1scaras, higieniza\u00e7\u00e3o das m\u00e3os com \u00e1lcool em gel e a desinfec\u00e7\u00e3o constante dos espa\u00e7os<\/i><\/strong><\/p>\n<div>\n<p><strong><span class=\"dropcap dropcap1\">D<\/span><\/strong>epois de quase um ano sem poder receber familiares e amigos dos educandos, o CENSA Betim, institui\u00e7\u00e3o \u00e9 refer\u00eancia nacional h\u00e1 mais de 56 anos nos cuidados a pessoas com defici\u00eancia intelectual, reabrir\u00e1 as portas aos visitantes a partir do dia 1\u00ba de mar\u00e7o. Isso, porque, a maior parte dos internos e todos os colaboradores j\u00e1 receberam a vacina contra o v\u00edrus SARS-COV-2, causador da Covid-19. As visitas obedecer\u00e3o todas as regras sanit\u00e1rias, uma vez que a pandemia ainda assola n\u00e3o s\u00f3 nossa cidade, mas toda a humanidade.<\/p>\n<p>De acordo com a mestre em psicologia e diretora do CENSA Betim, Nat\u00e1lia Costa, os cuidados nesse momento s\u00e3o indispens\u00e1veis, uma vez que, mesmo vacinados, os educandos precisam de prote\u00e7\u00e3o. \u201cVisando proteger nossos educandos e colaboradores, bem como assegurar que sejam cumpridas as regras sanit\u00e1rias, tomaremos algumas medidas no CENSA para a visita\u00e7\u00e3o. As visitas dever\u00e3o ser agendadas previamente e ocorrer\u00e3o de segunda a sexta-feira no per\u00edodo da tarde. Refor\u00e7o que ser\u00e3o admitidos at\u00e9 tr\u00eas visitantes por educando. Al\u00e9m disso, a dura\u00e7\u00e3o das visitas n\u00e3o poder\u00e1 exceder os hor\u00e1rios pr\u00e9-determinados, sendo disponibilizado dois por dia: de 14h \u00e0s 15h e de 16h \u00e0s 17h. Esse procedimento \u00e9 necess\u00e1rio para mantermos o isolamento da comunidade do CENSA e a higieniza\u00e7\u00e3o do local das visitas\u201d, explica.<\/p>\n<p>Segundo Nat\u00e1lia Costa, a recep\u00e7\u00e3o dos familiares ocorrer\u00e1 em local determinado, estando proibida a circula\u00e7\u00e3o de visitantes nas depend\u00eancias do CENSA. Al\u00e9m disso, estar\u00e1 totalmente vedado levar alimentos para o local.\u00a0 \u201cPara evitarmos qualquer tipo de risco, ser\u00e1 aferida a temperatura de todo visitante que vier ao CENSA Betim no ato da entrada. N\u00e3o ser\u00e1 permitido o acesso de visitantes com sintomas gripais e todos dever\u00e3o usar m\u00e1scara durante todo o per\u00edodo da visita. Al\u00e9m disso, mantendo distanciamento do educando visitado para evitar qualquer tipo de risco. Lembrando que n\u00e3o ser\u00e1 permitida a entrada de alimentos no local, bem como se alimentar durante a visita\u201d, salienta.<\/p>\n<p>A diretora do CENSA Betim alerta que a colabora\u00e7\u00e3o de todos no cumprimento das regras de visita\u00e7\u00e3o ser\u00e3o indispens\u00e1veis, uma vez que alguns educandos n\u00e3o foram vacinados por estarem fora da faixa et\u00e1ria do Programa Nacional de Imuniza\u00e7\u00e3o (PNI). \u201cSolicitamos o bom senso e a colabora\u00e7\u00e3o de todos, pois, mesmo ap\u00f3s a vacina\u00e7\u00e3o, o rigor do CENSA Betim no ato de reabertura deve-se a tr\u00eas fatores importantes. Primeiro: alguns educandos n\u00e3o foram vacinados por estarem fora da faixa et\u00e1ria do Programa Nacional de Imuniza\u00e7\u00e3o (PNI). Segundo: possu\u00edmos educandos com comorbidades e fatores de risco importantes, que os fragilizam para o cont\u00e1gio e terceiro: h\u00e1 novas variantes do coronav\u00edrus em circula\u00e7\u00e3o, com a efic\u00e1cia da vacina ainda n\u00e3o totalmente conhecida para tais\u201d, concluiu Nat\u00e1lia Costa.<\/p>\n<p><strong>CENSA Betim<\/strong><\/p>\n<p>Fundado em 1964, o CENSA Betim \u00e9 refer\u00eancia nacional nos cuidados a pessoas com defici\u00eancia intelectual, associada ou n\u00e3o a outros transtornos, e da sua fam\u00edlia, assegurando-lhes qualidade de vida e uma educa\u00e7\u00e3o socializadora. A institui\u00e7\u00e3o conta com uma equipe transdisciplinar, composta por profissionais da medicina, psicologia, psiquiatria, al\u00e9m de cuidadores e educadores. Se destaca por oferecer uma proposta diferenciada, com atividades esportivas e recreativas, escolaridade especial, equita\u00e7\u00e3o e oficinas de m\u00fasica, teatro e artesanato, em um ambiente familiar e integrado \u00e0 natureza.<\/p>\n<p>Site:\u00a0www.censabetim.com.br<\/p>\n<p>Instagram:\u00a0www.instagram.com\/censabetim<\/p>\n<p>Facebook:\u00a0www.facebook.com\/censabetim<\/p>\n<\/div>\n","protected":false},"excerpt":{"rendered":"<p>Nat\u00e1lia Costa, diretora do CENSA Betim &#8211; Foto: Heberton Lopes. Institui\u00e7\u00e3o reabre as portas para os familiares dos educandos ap\u00f3s &hellip; <a class=\"more-link\" href=\"https:\/\/jornalnoticiasdopais.com.br\/index.php\/2021\/02\/23\/vacinacao-permite-ao-censa-betim-liberar-visitacoes-a-partir-do-dia-1o-de-marco\/\">More<\/a><\/p>\n","protected":false},"author":3,"featured_media":123,"comment_status":"open","ping_status":"open","sticky":false,"template":"","format":"standard","meta":[],"categories":[5],"tags":[],"_links":{"self":[{"href":"https:\/\/jornalnoticiasdopais.com.br\/index.php\/wp-json\/wp\/v2\/posts\/122"}],"collection":[{"href":"https:\/\/jornalnoticiasdopais.com.br\/index.php\/wp-json\/wp\/v2\/posts"}],"about":[{"href":"https:\/\/jornalnoticiasdopais.com.br\/index.php\/wp-json\/wp\/v2\/types\/post"}],"author":[{"embeddable":true,"href":"https:\/\/jornalnoticiasdopais.com.br\/index.php\/wp-json\/wp\/v2\/users\/3"}],"replies":[{"embeddable":true,"href":"https:\/\/jornalnoticiasdopais.com.br\/index.php\/wp-json\/wp\/v2\/comments?post=122"}],"version-history":[{"count":1,"href":"https:\/\/jornalnoticiasdopais.com.br\/index.php\/wp-json\/wp\/v2\/posts\/122\/revisions"}],"predecessor-version":[{"id":124,"href":"https:\/\/jornalnoticiasdopais.com.br\/index.php\/wp-json\/wp\/v2\/posts\/122\/revisions\/124"}],"wp:featuredmedia":[{"embeddable":true,"href":"https:\/\/jornalnoticiasdopais.com.br\/index.php\/wp-json\/wp\/v2\/media\/123"}],"wp:attachment":[{"href":"https:\/\/jornalnoticiasdopais.com.br\/index.php\/wp-json\/wp\/v2\/media?parent=122"}],"wp:term":[{"taxonomy":"category","embeddable":true,"href":"https:\/\/jornalnoticiasdopais.com.br\/index.php\/wp-json\/wp\/v2\/categories?post=122"},{"taxonomy":"post_tag","embeddable":true,"href":"https:\/\/jornalnoticiasdopais.com.br\/index.php\/wp-json\/wp\/v2\/tags?post=122"}],"curies":[{"name":"wp","href":"https:\/\/api.w.org\/{rel}","templated":true}]}}