{"id":119,"date":"2021-02-23T17:07:10","date_gmt":"2021-02-23T20:07:10","guid":{"rendered":"http:\/\/jornalnoticiasdopais.com.br\/?p=119"},"modified":"2021-02-23T17:14:16","modified_gmt":"2021-02-23T20:14:16","slug":"mercado-imobiliario-alc-imoveis-e-inaugurada-em-pedro-leopoldo","status":"publish","type":"post","link":"https:\/\/jornalnoticiasdopais.com.br\/index.php\/2021\/02\/23\/mercado-imobiliario-alc-imoveis-e-inaugurada-em-pedro-leopoldo\/","title":{"rendered":"Mercado imobili\u00e1rio: ALC Im\u00f3veis \u00e9 inaugurada em Pedro Leopoldo"},"content":{"rendered":"<p><strong>Imagem: <i>Pixabay.<\/i><\/strong><\/p>\n<p style=\"text-align: center;\"><strong><i>Empresa, que integra a ALC Group, chega com o objetivo de oferecer servi\u00e7os com transpar\u00eancia na \u00e1rea imobili\u00e1ria<\/i><\/strong><\/p>\n<div>\n<p><strong><span class=\"dropcap dropcap1\">M<\/span><\/strong>uito mais que uma imobili\u00e1ria, a ALC Im\u00f3veis abre as suas portas para o mercado com um plano ousado: oferecer servi\u00e7os e solu\u00e7\u00f5es de forma totalmente diferente da praticada na compra e venda de im\u00f3veis. O neg\u00f3cio, que integra o rec\u00e9m criado ALC Group, gerido pelo empres\u00e1rio Andr\u00e9 Leonardo Couto, conta com corretores atuantes e experientes, que trabalham em sinergia com o principal valor do grupo empresarial: a transpar\u00eancia.<\/p>\n<p>De acordo com Andr\u00e9 Leonardo Couto, que continua \u00e0 frente do seu escrit\u00f3rio ALC Advogados, al\u00e9m de gerir a ALC Group, a inten\u00e7\u00e3o \u00e9 ganhar mercado no Vetor Norte de Belo Horizonte. \u201cA nossa atua\u00e7\u00e3o foi iniciada em Pedro Leopoldo, que \u00e9 a cidade natal do nosso grupo empresarial, mas j\u00e1 estamos captando im\u00f3veis nas cidades vizinhas e nada impede que fa\u00e7amos neg\u00f3cios em outras regi\u00f5es de Minas Gerais. Eu sou o gestor das empresas, mas quem vai atuar diretamente na capta\u00e7\u00e3o e negocia\u00e7\u00e3o \u00e9 o experiente profissional Ney Fran\u00e7a, que passa a ser o meu s\u00f3cio comercial\u201d, explica o gestor do grupo empresarial.<\/p>\n<p>Profissional com grande experi\u00eancia na negocia\u00e7\u00e3o de im\u00f3veis, de variados segmentos, Ney Fran\u00e7a chega com a sua expertise ao time da ALC Im\u00f3veis. \u201cAo receber o convite para ser s\u00f3cio comercial, abracei o projeto quase que imediatamente em uma primeira reuni\u00e3o, por enxergar algo promissor e completamente diferente do que se v\u00ea hoje no mercado imobili\u00e1rio. E por acreditar que podemos realizar o sonho de pessoas com transpar\u00eancia e oferecer solu\u00e7\u00f5es ao investidor em im\u00f3veis que s\u00e3o os prop\u00f3sitos da empresa, tive ainda mais uma seguran\u00e7a e confian\u00e7a que ali nascia uma organiza\u00e7\u00e3o de renome e qualidade\u201d, destaca Ney Fran\u00e7a.<\/p>\n<p>A ALC Im\u00f3veis funciona nas depend\u00eancias da ALC Group, situada no Centro de Pedro Leopoldo, e os trabalhos da empresa s\u00e3o pautados pela transpar\u00eancia em todos os processos. \u201cVamos atuar de forma que n\u00e3o \u00e9 comum no mercado imobili\u00e1rio, deixando tudo \u00e0s claras, para todos os agentes envolvidos em uma negocia\u00e7\u00e3o. Isso gera mais seguran\u00e7a, tanto para quem na compra, quanto para quem vende. Muito mais do que atuar dentro da legalidade, o nosso trabalho \u00e9 conduzido com bom senso e muito profissionalismo\u201d, completa.<\/p>\n<p>&nbsp;<\/p>\n<p><strong>ALC Im\u00f3veis<\/strong><\/p>\n<p><strong>Empresa do grupo empresarial ALC Group<\/strong><\/p>\n<p><strong>Instagram:<\/strong>\u00a0@alcimoveis_<\/p>\n<p><strong>Telefone:<\/strong>\u00a0(31) 3662-3862<\/p>\n<p>&nbsp;<\/p>\n<\/div>\n","protected":false},"excerpt":{"rendered":"<p>Imagem: Pixabay. Empresa, que integra a ALC Group, chega com o objetivo de oferecer servi\u00e7os com transpar\u00eancia na \u00e1rea imobili\u00e1ria &hellip; <a class=\"more-link\" href=\"https:\/\/jornalnoticiasdopais.com.br\/index.php\/2021\/02\/23\/mercado-imobiliario-alc-imoveis-e-inaugurada-em-pedro-leopoldo\/\">More<\/a><\/p>\n","protected":false},"author":3,"featured_media":120,"comment_status":"open","ping_status":"open","sticky":false,"template":"","format":"standard","meta":[],"categories":[1],"tags":[],"_links":{"self":[{"href":"https:\/\/jornalnoticiasdopais.com.br\/index.php\/wp-json\/wp\/v2\/posts\/119"}],"collection":[{"href":"https:\/\/jornalnoticiasdopais.com.br\/index.php\/wp-json\/wp\/v2\/posts"}],"about":[{"href":"https:\/\/jornalnoticiasdopais.com.br\/index.php\/wp-json\/wp\/v2\/types\/post"}],"author":[{"embeddable":true,"href":"https:\/\/jornalnoticiasdopais.com.br\/index.php\/wp-json\/wp\/v2\/users\/3"}],"replies":[{"embeddable":true,"href":"https:\/\/jornalnoticiasdopais.com.br\/index.php\/wp-json\/wp\/v2\/comments?post=119"}],"version-history":[{"count":1,"href":"https:\/\/jornalnoticiasdopais.com.br\/index.php\/wp-json\/wp\/v2\/posts\/119\/revisions"}],"predecessor-version":[{"id":121,"href":"https:\/\/jornalnoticiasdopais.com.br\/index.php\/wp-json\/wp\/v2\/posts\/119\/revisions\/121"}],"wp:featuredmedia":[{"embeddable":true,"href":"https:\/\/jornalnoticiasdopais.com.br\/index.php\/wp-json\/wp\/v2\/media\/120"}],"wp:attachment":[{"href":"https:\/\/jornalnoticiasdopais.com.br\/index.php\/wp-json\/wp\/v2\/media?parent=119"}],"wp:term":[{"taxonomy":"category","embeddable":true,"href":"https:\/\/jornalnoticiasdopais.com.br\/index.php\/wp-json\/wp\/v2\/categories?post=119"},{"taxonomy":"post_tag","embeddable":true,"href":"https:\/\/jornalnoticiasdopais.com.br\/index.php\/wp-json\/wp\/v2\/tags?post=119"}],"curies":[{"name":"wp","href":"https:\/\/api.w.org\/{rel}","templated":true}]}}