{"id":103,"date":"2021-02-08T14:12:57","date_gmt":"2021-02-08T17:12:57","guid":{"rendered":"http:\/\/jornalnoticiasdopais.com.br\/?p=103"},"modified":"2021-02-08T14:12:57","modified_gmt":"2021-02-08T17:12:57","slug":"apae-de-pedro-leopoldo-usa-violao-autografado-por-artistas-para-arrecadar-fundos","status":"publish","type":"post","link":"https:\/\/jornalnoticiasdopais.com.br\/index.php\/2021\/02\/08\/apae-de-pedro-leopoldo-usa-violao-autografado-por-artistas-para-arrecadar-fundos\/","title":{"rendered":"APAE de Pedro Leopoldo usa viol\u00e3o autografado por artistas para arrecadar fundos"},"content":{"rendered":"\n<p><strong>Z\u00e9 Neto e Cristiano autografaram viol\u00e3o para a APAE PL na edi\u00e7\u00e3o de 2018 do Pedro Leopoldo Rodeio Show &#8211; <em>PLRS\/Divulga\u00e7\u00e3o.<\/em><\/strong><\/p>\n\n\n\n<p class=\"has-text-align-center\"><strong><em>Entidade filantr\u00f3pica, que atende mais de 500 pessoas com defici\u00eancia Intelectual, precisa de ajuda financeira e, por isso, coloca \u00e0 disposi\u00e7\u00e3o o instrumento musical assinado por grandes nomes da m\u00fasica brasileira, durante o Pedro Leopoldo Rodeio Show 2018, para a a\u00e7\u00e3o entre amigos &#8220;Viol\u00e3o Solid\u00e1rio &#8211; Juntos Somos Mais&#8221;<\/em><\/strong><\/p>\n\n\n\n<p><strong>Anitta, Jorge &amp; Mateus, Maiara &amp; Maraisa, Matheus &amp; Kauan, Henrique &amp; Juliano, Alok, Wesley Safad\u00e3o, Z\u00e9 Neto &amp; Cristiano, Mar\u00edlia Mendon\u00e7a, L\u00e9o Santana, Cleber &amp; Cauan e Tuca Fernandes<\/strong>. Essas foram as estrelas que autografaram um viol\u00e3o durante a edi\u00e7\u00e3o de 2018 do&nbsp;<strong>Pedro Leopoldo Rodeio Show<\/strong>. Agora, o instrumento ser\u00e1 usado para arrecadar fundos \u00e0&nbsp;<strong>Associa\u00e7\u00e3o de Pais e Amigos dos Excepcionais \u2013 APAE<\/strong>&nbsp;da cidade, por meio da a\u00e7\u00e3o entre amigos&nbsp;<strong>&#8220;Viol\u00e3o Solid\u00e1rio &#8211; Juntos Somos Mais&#8221;<\/strong>.<\/p>\n\n\n\n<p>A APAE \u00e9 uma entidade filantr\u00f3pica sem fins lucrativos de direito privado, que atende cerca de 500 pessoas com defici\u00eancia intelectual em Pedro Leopoldo e recebe usu\u00e1rios de cidades vizinhas, como, S\u00e3o Jos\u00e9 da Lapa, Confins e Matozinhos, que recebem assist\u00eancia social, educa\u00e7\u00e3o e sa\u00fade. De acordo com a presidente da entidade, F\u00e1tima Lana, as despesas mensais s\u00e3o de R$ 260 mil, o que inclui a manuten\u00e7\u00e3o do espa\u00e7o e os 112 funcion\u00e1rios. \u201cRecebemos doa\u00e7\u00f5es, temos conv\u00eanios com prefeituras, mesmo assim \u00e9 necess\u00e1rio levantarmos mais recursos para garantirmos a continuidade das nossas atividades. Sou m\u00e3e de usu\u00e1ria da APAE h\u00e1 32 anos e posso atestar a import\u00e2ncia da entidade para a sociedade\u201d, explica a gestora.<\/p>\n\n\n\n<p>O organizador do Pedro Leopoldo Rodeio Show, Tiago de Brito, ressalta a import\u00e2ncia de retribuir para a cidade o carinho que os moradores t\u00eam com o evento, que recebe pessoas de diversas partes do pa\u00eds. \u201cEssa parceria com a APAE \u00e9 um meio de expressarmos a gratid\u00e3o ao nosso munic\u00edpio e ajudar a perpetuar um trabalho t\u00e3o importante para a nossa sociedade. As pessoas com defici\u00eancia intelectual e os seus familiares precisam de suporte e atendimento especializado, mas isso tem um custo. Infelizmente, nem sempre as contas fecham e cabe a n\u00f3s contribuirmos da forma que o pudermos. O PLRS est\u00e1 em fase de planejamento para quando pudermos voltar a fazer o show acontecer, mas, enquanto isso, vamos promover a festa da solidariedade\u201d, destaca o respons\u00e1vel por uma das mais importantes festas de rodeio do pa\u00eds.<\/p>\n\n\n\n<p>Para participar da a\u00e7\u00e3o entre amigos &#8221; Viol\u00e3o Solid\u00e1rio &#8211; Juntos Somos Mais&#8221;, e concorrer ao viol\u00e3o autografado por grandes nomes da m\u00fasica brasileira, basta acessar o site e fazer a doa\u00e7\u00e3o para a APAE. A cada R$ 15, um n\u00famero ser\u00e1 gerado e quando mais doar, maior \u00e9 a possibilidade de ganhar. O sorteio ser\u00e1 realizado no dia 13 de mar\u00e7o de 2021 e ser\u00e3o considerados os n\u00fameros da Loteria Federal.<\/p>\n\n\n\n<p><strong>Servi\u00e7o:<\/strong><\/p>\n\n\n\n<p><strong>A\u00e7\u00e3o entre amigos da APAE Pedro Leopoldo&nbsp; &#8220;Viol\u00e3o Solid\u00e1rio &#8211; Juntos Somos Mais&#8221;<\/strong><\/p>\n\n\n\n<p><strong>Link para doar e participar:&nbsp;<\/strong><a href=\"https:\/\/juntossomosmais.apaepl.com.br\/campanha-doacao\/violao-solidario-juntos-somos-mais\" target=\"_blank\" rel=\"noreferrer noopener\">https:\/\/juntossomosmais.apaepl.com.br\/campanha-doacao\/violao-solidario-juntos-somos-mais<\/a><\/p>\n\n\n\n<p><strong>Data do sorteio pela Loteria Federal: &nbsp;<\/strong>13 de mar\u00e7o de 2021<\/p>\n\n\n\n<p><strong>Site da APAE Pedro Leopoldo:<\/strong>&nbsp;<a href=\"https:\/\/www.apaepl.com.br\/\" target=\"_blank\" rel=\"noreferrer noopener\">https:\/\/www.apaepl.com.br\/<\/a><\/p>\n\n\n\n<p><strong>Facebook da APAE&nbsp; Pedro Leopoldo:<\/strong>&nbsp;<a href=\"https:\/\/www.facebook.com\/apaepl1\/\" target=\"_blank\" rel=\"noreferrer noopener\">https:\/\/www.facebook.com\/apaepl1\/<\/a><\/p>\n\n\n\n<p><strong>Instagram da APAE Pedro Leopoldo:<\/strong>&nbsp;<a href=\"https:\/\/www.instagram.com\/apaepl\/\" target=\"_blank\" rel=\"noreferrer noopener\">https:\/\/www.instagram.com\/apaepl\/<\/a><\/p>\n","protected":false},"excerpt":{"rendered":"<p>Z\u00e9 Neto e Cristiano autografaram viol\u00e3o para a APAE PL na edi\u00e7\u00e3o de 2018 do Pedro Leopoldo Rodeio Show &#8211; &hellip; <a class=\"more-link\" href=\"https:\/\/jornalnoticiasdopais.com.br\/index.php\/2021\/02\/08\/apae-de-pedro-leopoldo-usa-violao-autografado-por-artistas-para-arrecadar-fundos\/\">More<\/a><\/p>\n","protected":false},"author":3,"featured_media":104,"comment_status":"open","ping_status":"open","sticky":true,"template":"","format":"standard","meta":[],"categories":[1],"tags":[],"_links":{"self":[{"href":"https:\/\/jornalnoticiasdopais.com.br\/index.php\/wp-json\/wp\/v2\/posts\/103"}],"collection":[{"href":"https:\/\/jornalnoticiasdopais.com.br\/index.php\/wp-json\/wp\/v2\/posts"}],"about":[{"href":"https:\/\/jornalnoticiasdopais.com.br\/index.php\/wp-json\/wp\/v2\/types\/post"}],"author":[{"embeddable":true,"href":"https:\/\/jornalnoticiasdopais.com.br\/index.php\/wp-json\/wp\/v2\/users\/3"}],"replies":[{"embeddable":true,"href":"https:\/\/jornalnoticiasdopais.com.br\/index.php\/wp-json\/wp\/v2\/comments?post=103"}],"version-history":[{"count":1,"href":"https:\/\/jornalnoticiasdopais.com.br\/index.php\/wp-json\/wp\/v2\/posts\/103\/revisions"}],"predecessor-version":[{"id":105,"href":"https:\/\/jornalnoticiasdopais.com.br\/index.php\/wp-json\/wp\/v2\/posts\/103\/revisions\/105"}],"wp:featuredmedia":[{"embeddable":true,"href":"https:\/\/jornalnoticiasdopais.com.br\/index.php\/wp-json\/wp\/v2\/media\/104"}],"wp:attachment":[{"href":"https:\/\/jornalnoticiasdopais.com.br\/index.php\/wp-json\/wp\/v2\/media?parent=103"}],"wp:term":[{"taxonomy":"category","embeddable":true,"href":"https:\/\/jornalnoticiasdopais.com.br\/index.php\/wp-json\/wp\/v2\/categories?post=103"},{"taxonomy":"post_tag","embeddable":true,"href":"https:\/\/jornalnoticiasdopais.com.br\/index.php\/wp-json\/wp\/v2\/tags?post=103"}],"curies":[{"name":"wp","href":"https:\/\/api.w.org\/{rel}","templated":true}]}}